{"id":6288,"date":"2023-02-10T14:44:38","date_gmt":"2023-02-10T17:44:38","guid":{"rendered":"https:\/\/jm-metropole.com.br\/site\/?p=6288"},"modified":"2023-02-10T14:44:38","modified_gmt":"2023-02-10T17:44:38","slug":"iniciada-a-aplicacao-da-1odose-de-reforco-contra-a-covid-19-para-criancas-de-5-a-11-anos-de-idade","status":"publish","type":"post","link":"https:\/\/jm-metropole.com.br\/site\/iniciada-a-aplicacao-da-1odose-de-reforco-contra-a-covid-19-para-criancas-de-5-a-11-anos-de-idade\/","title":{"rendered":"Iniciada a aplica\u00e7\u00e3o da 1\u00badose de refor\u00e7o contra a covid-19 para crian\u00e7as de 5 a 11 anos de idade"},"content":{"rendered":"<p>A vacina\u00e7\u00e3o de crian\u00e7as de 5 a 11 anos de idade contra a Covid-19, com a 1\u00aa dose de refor\u00e7o, j\u00e1 foi iniciada. A aplica\u00e7\u00e3o ocorre de segunda a sexta-feira, das 8h \u00e0s 16h, no Centro de Especialidades M\u00e9dicas (CEM) e tamb\u00e9m segunda-feira na Unidade B\u00e1sica de Sa\u00fade (UBS) Jardim Real; ter\u00e7a-feira na UBS Jardim Em\u00edlia; quarta-feira na UBS Barreto e UBS Pilar; quinta-feira na UBS Mirante e Fazenda Rinc\u00e3o.<\/p>\n<p>O intervalo para receber a dose de refor\u00e7o \u00e9 de, no m\u00ednimo, quatro meses da segunda dose (D2), ou seja, crian\u00e7as que est\u00e3o com a vacina\u00e7\u00e3o contra a Covid em dia h\u00e1 4 meses j\u00e1 podem receber a dose adicional de refor\u00e7o. Al\u00e9m disso, o munic\u00edpio recebeu mais doses da Pfizer pedi\u00e1trica e os pais das crian\u00e7as que precisam tomar essa dose da vacina podem procurar o CEM ou a UBS, no dia correspondente, para completar o esquema vacinal.<br \/>\nN\u00e3o deixe de refor\u00e7ar a imuniza\u00e7\u00e3o do seu (a) filho (a) contra a Covid-19<\/p>\n","protected":false},"excerpt":{"rendered":"<p>A vacina\u00e7\u00e3o de crian\u00e7as de 5 a 11 anos de idade contra a Covid-19, com a 1\u00aa dose de refor\u00e7o, j\u00e1 foi iniciada. A aplica\u00e7\u00e3o ocorre de segunda a sexta-feira, das 8h \u00e0s 16h, no Centro de Especialidades M\u00e9dicas (CEM) e tamb\u00e9m segunda-feira na Unidade B\u00e1sica de Sa\u00fade (UBS) Jardim Real; ter\u00e7a-feira na UBS Jardim [&hellip;]<\/p>\n","protected":false},"author":1,"featured_media":6289,"comment_status":"open","ping_status":"open","sticky":false,"template":"","format":"standard","meta":{"footnotes":""},"categories":[4],"tags":[],"class_list":{"0":"post-6288","1":"post","2":"type-post","3":"status-publish","4":"format-standard","5":"has-post-thumbnail","7":"category-aruja"},"_links":{"self":[{"href":"https:\/\/jm-metropole.com.br\/site\/wp-json\/wp\/v2\/posts\/6288","targetHints":{"allow":["GET"]}}],"collection":[{"href":"https:\/\/jm-metropole.com.br\/site\/wp-json\/wp\/v2\/posts"}],"about":[{"href":"https:\/\/jm-metropole.com.br\/site\/wp-json\/wp\/v2\/types\/post"}],"author":[{"embeddable":true,"href":"https:\/\/jm-metropole.com.br\/site\/wp-json\/wp\/v2\/users\/1"}],"replies":[{"embeddable":true,"href":"https:\/\/jm-metropole.com.br\/site\/wp-json\/wp\/v2\/comments?post=6288"}],"version-history":[{"count":1,"href":"https:\/\/jm-metropole.com.br\/site\/wp-json\/wp\/v2\/posts\/6288\/revisions"}],"predecessor-version":[{"id":6290,"href":"https:\/\/jm-metropole.com.br\/site\/wp-json\/wp\/v2\/posts\/6288\/revisions\/6290"}],"wp:featuredmedia":[{"embeddable":true,"href":"https:\/\/jm-metropole.com.br\/site\/wp-json\/wp\/v2\/media\/6289"}],"wp:attachment":[{"href":"https:\/\/jm-metropole.com.br\/site\/wp-json\/wp\/v2\/media?parent=6288"}],"wp:term":[{"taxonomy":"category","embeddable":true,"href":"https:\/\/jm-metropole.com.br\/site\/wp-json\/wp\/v2\/categories?post=6288"},{"taxonomy":"post_tag","embeddable":true,"href":"https:\/\/jm-metropole.com.br\/site\/wp-json\/wp\/v2\/tags?post=6288"}],"curies":[{"name":"wp","href":"https:\/\/api.w.org\/{rel}","templated":true}]}}