{"id":6282,"date":"2023-02-10T10:35:38","date_gmt":"2023-02-10T13:35:38","guid":{"rendered":"https:\/\/jm-metropole.com.br\/site\/?p=6282"},"modified":"2023-02-10T10:35:38","modified_gmt":"2023-02-10T13:35:38","slug":"governo-do-estado-de-sao-paulo-recebe-a-ministra-das-relacoes-exteriores-da-franca-catherine-colonna-no-palacio-dos-bandeirantes","status":"publish","type":"post","link":"https:\/\/jm-metropole.com.br\/site\/governo-do-estado-de-sao-paulo-recebe-a-ministra-das-relacoes-exteriores-da-franca-catherine-colonna-no-palacio-dos-bandeirantes\/","title":{"rendered":"Governo do Estado de S\u00e3o Paulo recebe a ministra das Rela\u00e7\u00f5es Exteriores da Fran\u00e7a, Catherine Colonna, no Pal\u00e1cio dos Bandeirantes"},"content":{"rendered":"<p>Comitiva francesa encerra a visita oficial de tr\u00eas dias ao Brasil com agenda na capital paulista<\/p>\n<p>O governador Tarc\u00edsio de Freitas recebeu, na manh\u00e3 desta quinta-feira (9), comitiva da Fran\u00e7a liderada pela ministra das Rela\u00e7\u00f5es Exteriores, Catherine Colonna. No \u00faltimo dia de miss\u00e3o no Brasil, Catherine esteve no Pal\u00e1cio dos Bandeirantes para alinhar uma agenda de coopera\u00e7\u00e3o m\u00fatua entre Fran\u00e7a e S\u00e3o Paulo em \u00e1reas como economia, meio ambiente, educa\u00e7\u00e3o, ci\u00eancia e tecnologia. \u201cA Fran\u00e7a \u00e9 um dos maiores investidores no Brasil. Temos muitas empresas francesas no estado de S\u00e3o Paulo e queremos estreitar os la\u00e7os com o pa\u00eds\u201d, disse Tarc\u00edsio.<\/p>\n<p>O governador destacou \u00e0 ministra algumas metas de sua gest\u00e3o, como resolver quest\u00f5es sociais, promover a reindustrializa\u00e7\u00e3o e atrair investimentos em infraestrutura. \u201cDo ponto de vista econ\u00f4mico, devemos atuar em coopera\u00e7\u00e3o para facilitar os esfor\u00e7os das empresas que exportam, reduzindo a carga tribut\u00e1ria e trocando cr\u00e9ditos tribut\u00e1rios por investimentos. Queremos transformar o estado de S\u00e3o Paulo em exemplo de sustentabilidade. Estamos desenvolvendo produtos financeiros, como green bounds, para financiar as atividades de preserva\u00e7\u00e3o ambiental\u201d, comentou.<\/p>\n<p>Colonna destacou a import\u00e2ncia de uma agenda com o Governo do Estado de S\u00e3o Paulo para poder, inclusive, ampliar a presen\u00e7a de investimentos brasileiros na Fran\u00e7a. \u201cS\u00e3o Paulo tem uma popula\u00e7\u00e3o quase do tamanho da popula\u00e7\u00e3o francesa e um centro econ\u00f4mico extremamente importante, com empresas francesas bem implantadas\u201d, disse. Entre os temas abordados para poss\u00edveis coopera\u00e7\u00f5es bilaterais est\u00e3o mobilidade urbana, ci\u00eancia e tecnologia, energias renov\u00e1veis, biocombust\u00edveis e educa\u00e7\u00e3o.<\/p>\n<p>Al\u00e9m do governador, participaram da reuni\u00e3o o secret\u00e1rio de Neg\u00f3cios Internacionais Lucas Ferraz, o secret\u00e1rio-chefe da Casa Civil Arthur Lima, a secret\u00e1ria de Meio Ambiente, Infraestrutura e Log\u00edstica Nat\u00e1lia Resende, o secret\u00e1rio de Ci\u00eancia, Tecnologia e Inova\u00e7\u00e3o Vahan Agopyan, o secret\u00e1rio executivo de Neg\u00f3cios Internacionais embaixador Affonso Massot e o embaixador do Escrit\u00f3rio de Representa\u00e7\u00e3o em S\u00e3o Paulo (ERESP) do Minist\u00e9rio das Rela\u00e7\u00f5es Exteriores Raymundo Rocha Magno.<\/p>\n","protected":false},"excerpt":{"rendered":"<p>Comitiva francesa encerra a visita oficial de tr\u00eas dias ao Brasil com agenda na capital paulista O governador Tarc\u00edsio de Freitas recebeu, na manh\u00e3 desta quinta-feira (9), comitiva da Fran\u00e7a liderada pela ministra das Rela\u00e7\u00f5es Exteriores, Catherine Colonna. No \u00faltimo dia de miss\u00e3o no Brasil, Catherine esteve no Pal\u00e1cio dos Bandeirantes para alinhar uma agenda [&hellip;]<\/p>\n","protected":false},"author":1,"featured_media":6283,"comment_status":"open","ping_status":"open","sticky":false,"template":"","format":"standard","meta":{"footnotes":""},"categories":[48],"tags":[],"class_list":{"0":"post-6282","1":"post","2":"type-post","3":"status-publish","4":"format-standard","5":"has-post-thumbnail","7":"category-geral"},"_links":{"self":[{"href":"https:\/\/jm-metropole.com.br\/site\/wp-json\/wp\/v2\/posts\/6282","targetHints":{"allow":["GET"]}}],"collection":[{"href":"https:\/\/jm-metropole.com.br\/site\/wp-json\/wp\/v2\/posts"}],"about":[{"href":"https:\/\/jm-metropole.com.br\/site\/wp-json\/wp\/v2\/types\/post"}],"author":[{"embeddable":true,"href":"https:\/\/jm-metropole.com.br\/site\/wp-json\/wp\/v2\/users\/1"}],"replies":[{"embeddable":true,"href":"https:\/\/jm-metropole.com.br\/site\/wp-json\/wp\/v2\/comments?post=6282"}],"version-history":[{"count":1,"href":"https:\/\/jm-metropole.com.br\/site\/wp-json\/wp\/v2\/posts\/6282\/revisions"}],"predecessor-version":[{"id":6284,"href":"https:\/\/jm-metropole.com.br\/site\/wp-json\/wp\/v2\/posts\/6282\/revisions\/6284"}],"wp:featuredmedia":[{"embeddable":true,"href":"https:\/\/jm-metropole.com.br\/site\/wp-json\/wp\/v2\/media\/6283"}],"wp:attachment":[{"href":"https:\/\/jm-metropole.com.br\/site\/wp-json\/wp\/v2\/media?parent=6282"}],"wp:term":[{"taxonomy":"category","embeddable":true,"href":"https:\/\/jm-metropole.com.br\/site\/wp-json\/wp\/v2\/categories?post=6282"},{"taxonomy":"post_tag","embeddable":true,"href":"https:\/\/jm-metropole.com.br\/site\/wp-json\/wp\/v2\/tags?post=6282"}],"curies":[{"name":"wp","href":"https:\/\/api.w.org\/{rel}","templated":true}]}}