{"id":6279,"date":"2023-02-10T10:32:11","date_gmt":"2023-02-10T13:32:11","guid":{"rendered":"https:\/\/jm-metropole.com.br\/site\/?p=6279"},"modified":"2023-02-10T10:32:11","modified_gmt":"2023-02-10T13:32:11","slug":"coranavac-passa-a-ser-concentrada-nos-polos-de-vacinas-infantis-da-pfizer-a-partir-desta-sexta","status":"publish","type":"post","link":"https:\/\/jm-metropole.com.br\/site\/coranavac-passa-a-ser-concentrada-nos-polos-de-vacinas-infantis-da-pfizer-a-partir-desta-sexta\/","title":{"rendered":"Coranavac passa a ser concentrada nos polos de vacinas infantis da Pfizer a partir desta\u00a0sexta"},"content":{"rendered":"<p>Devido ao n\u00e3o envio da vacina Coronavac ao munic\u00edpio, a partir desta\u00a0sexta-feira (10) as doses do imunobiol\u00f3gico estar\u00e3o concentradas nos 36 polos de Pfizer Baby e Pfizer Pedi\u00e1trica para evitar desabastecimento da vacina nas Unidades B\u00e1sicas de Sa\u00fade (UBS) de Guarulhos. Com isso, pais e respons\u00e1veis por crian\u00e7as entre tr\u00eas e 11 anos que ainda n\u00e3o tomaram a\u00a0segunda\u00a0dose de Coronavac devem lev\u00e1-las a um dos novos polos para colocar o esquema vacinal em dia.<\/p>\n<p>Os polos s\u00e3o o Ambulat\u00f3rio da Crian\u00e7a e as UBS Ponte Grande, Tranquilidade, S\u00e3o Ricardo, Vila F\u00e1tima, Parque Cecap, Vila Galv\u00e3o, Jovaia, Cidade Martins, Recreio S\u00e3o Jorge, Belvedere, Rosa de Fran\u00e7a, Continental, Cabu\u00e7u, Ac\u00e1cio, Morros, Lavras, Ser\u00f3dio, Santa Paula, Inocoop, Bananal, Fortaleza, Haroldo Veloso, Nova Bonsucesso, Marin\u00f3polis, Soberana, Cumbica, Cumbica I, Normandia, Parque Alvorada, Pimentas, Jacy, Cummins, Jurema, Piratininga e Parque Jandaia.<\/p>\n<p>As doses est\u00e3o dispon\u00edveis para crian\u00e7as acima de tr\u00eas anos que iniciaram a vacina\u00e7\u00e3o contra a covid-19 com esse imunobiol\u00f3gico, bem como para gestantes, que s\u00f3 podem receber a dose desse imunizante ou da Pfizer. O intervalo entre a primeira e a\u00a0segunda\u00a0dose \u00e9 de 28 dias ou mais e para receber a vacina \u00e9 necess\u00e1rio apresentar documento com foto e comprovante de imuniza\u00e7\u00e3o. Os endere\u00e7os das UBS podem ser consultados em\u00a0www.guarulhos.sp.gov.br\/unidades-basicas-de-saude-ubs.<\/p>\n","protected":false},"excerpt":{"rendered":"<p>Devido ao n\u00e3o envio da vacina Coronavac ao munic\u00edpio, a partir desta\u00a0sexta-feira (10) as doses do imunobiol\u00f3gico estar\u00e3o concentradas nos 36 polos de Pfizer Baby e Pfizer Pedi\u00e1trica para evitar desabastecimento da vacina nas Unidades B\u00e1sicas de Sa\u00fade (UBS) de Guarulhos. Com isso, pais e respons\u00e1veis por crian\u00e7as entre tr\u00eas e 11 anos que ainda [&hellip;]<\/p>\n","protected":false},"author":1,"featured_media":6280,"comment_status":"open","ping_status":"open","sticky":false,"template":"","format":"standard","meta":{"footnotes":""},"categories":[3],"tags":[],"class_list":{"0":"post-6279","1":"post","2":"type-post","3":"status-publish","4":"format-standard","5":"has-post-thumbnail","7":"category-guarulhos"},"_links":{"self":[{"href":"https:\/\/jm-metropole.com.br\/site\/wp-json\/wp\/v2\/posts\/6279","targetHints":{"allow":["GET"]}}],"collection":[{"href":"https:\/\/jm-metropole.com.br\/site\/wp-json\/wp\/v2\/posts"}],"about":[{"href":"https:\/\/jm-metropole.com.br\/site\/wp-json\/wp\/v2\/types\/post"}],"author":[{"embeddable":true,"href":"https:\/\/jm-metropole.com.br\/site\/wp-json\/wp\/v2\/users\/1"}],"replies":[{"embeddable":true,"href":"https:\/\/jm-metropole.com.br\/site\/wp-json\/wp\/v2\/comments?post=6279"}],"version-history":[{"count":1,"href":"https:\/\/jm-metropole.com.br\/site\/wp-json\/wp\/v2\/posts\/6279\/revisions"}],"predecessor-version":[{"id":6281,"href":"https:\/\/jm-metropole.com.br\/site\/wp-json\/wp\/v2\/posts\/6279\/revisions\/6281"}],"wp:featuredmedia":[{"embeddable":true,"href":"https:\/\/jm-metropole.com.br\/site\/wp-json\/wp\/v2\/media\/6280"}],"wp:attachment":[{"href":"https:\/\/jm-metropole.com.br\/site\/wp-json\/wp\/v2\/media?parent=6279"}],"wp:term":[{"taxonomy":"category","embeddable":true,"href":"https:\/\/jm-metropole.com.br\/site\/wp-json\/wp\/v2\/categories?post=6279"},{"taxonomy":"post_tag","embeddable":true,"href":"https:\/\/jm-metropole.com.br\/site\/wp-json\/wp\/v2\/tags?post=6279"}],"curies":[{"name":"wp","href":"https:\/\/api.w.org\/{rel}","templated":true}]}}