{"id":6269,"date":"2023-02-10T08:30:05","date_gmt":"2023-02-10T11:30:05","guid":{"rendered":"https:\/\/jm-metropole.com.br\/site\/?p=6269"},"modified":"2023-02-10T08:30:05","modified_gmt":"2023-02-10T11:30:05","slug":"governador-debate-meios-para-implementacao-de-politicas-publicas-para-areas-perifericas","status":"publish","type":"post","link":"https:\/\/jm-metropole.com.br\/site\/governador-debate-meios-para-implementacao-de-politicas-publicas-para-areas-perifericas\/","title":{"rendered":"Governador debate meios para implementa\u00e7\u00e3o de pol\u00edticas p\u00fablicas para \u00e1reas perif\u00e9ricas"},"content":{"rendered":"<p>Tarc\u00edsio de Freitas recebeu representantes da Central \u00danica das Favelas (CUFA)<\/p>\n<p>O governador Tarc\u00edsio de Freitas recebeu, nesta quinta-feira (9), representantes da Central \u00danica das Favelas (CUFA) para tratar da implementa\u00e7\u00e3o de pol\u00edticas p\u00fablicas e a\u00e7\u00f5es do Governo em comunidades. Estiveram presentes o presidente da CUFA, Pretto Zez\u00e9; o fundador da entidade, Celso Athayde; o presidente da CUFA-SP, Marcivan Barreto; e o prefeito da Capital, Ricardo Nunes.<\/p>\n<p>Tarc\u00edsio de Freitas destacou a import\u00e2ncia da parceria entre o Governo do Estado e a CUFA para entender melhor as demandas dessas \u00e1reas e, assim, oferecer melhores servi\u00e7os p\u00fablicos e oportunidades de desenvolvimento econ\u00f4mico e social \u00e0s comunidades.<\/p>\n<p>&#8220;Temos que abordar a quest\u00e3o das favelas de um jeito diferente do que j\u00e1 foi feito. E voc\u00eas, da CUFA, podem nos ajudar, porque conhecem a realidade desses espa\u00e7os. Dessa maneira, poderemos construir projetos de impacto, com o bra\u00e7o do Estado, e que v\u00e3o fazer a diferen\u00e7a para essa popula\u00e7\u00e3o. O Governo de S\u00e3o Paulo \u00e9 parceiro e estamos prontos para fazer a diferen\u00e7a&#8221;, afirmou.<\/p>\n<p>Para Celso Athayde, a intera\u00e7\u00e3o com o governo estadual poder\u00e1 trazer impactos positivos. &#8220;A favela n\u00e3o \u00e9 um espa\u00e7o de car\u00eancia, \u00e9 um espa\u00e7o de pot\u00eancia. H\u00e1 muitas oportunidades e esse di\u00e1logo pode se traduzir em uma vida melhor para quem mora nelas&#8221;, disse.<\/p>\n<p>Uma das a\u00e7\u00f5es elencadas pelo governador Tarc\u00edsio de Freitas \u00e9 a conclus\u00e3o da obra do Parque da Cidadania de Heli\u00f3polis. O programa \u00e9 uma iniciativa Fundo Social S\u00e3o Paulo (FUSSP), em conjunto com secretarias do Governo do Estado.<\/p>\n<p>Outro projeto \u00e9 a implementa\u00e7\u00e3o da F\u00e1brica de Cultura em Heli\u00f3polis. A proje\u00e7\u00e3o \u00e9 que 310 cursos sejam oferecidos no espa\u00e7o, com 4.185 vagas e 1.000 atividades de difus\u00e3o. Ao todo, 200 mil pessoas atendidas.<\/p>\n<p>Tamb\u00e9m estiveram presentes o secret\u00e1rio-chefe da Casa Civil, Arthur Lima; a secret\u00e1ria de Cultura e Economia Criativa, Mar\u00edlia Marton; o secret\u00e1rio de Desenvolvimento Econ\u00f4mico, Jorge Lima; a secret\u00e1ria de Esportes, Coronel PM Helena Reis; e o secret\u00e1rio extraordin\u00e1rio de Projetos Estrat\u00e9gicos, Guilherme Afif Domingos.<\/p>\n","protected":false},"excerpt":{"rendered":"<p>Tarc\u00edsio de Freitas recebeu representantes da Central \u00danica das Favelas (CUFA) O governador Tarc\u00edsio de Freitas recebeu, nesta quinta-feira (9), representantes da Central \u00danica das Favelas (CUFA) para tratar da implementa\u00e7\u00e3o de pol\u00edticas p\u00fablicas e a\u00e7\u00f5es do Governo em comunidades. Estiveram presentes o presidente da CUFA, Pretto Zez\u00e9; o fundador da entidade, Celso Athayde; o [&hellip;]<\/p>\n","protected":false},"author":1,"featured_media":6270,"comment_status":"open","ping_status":"open","sticky":false,"template":"","format":"standard","meta":{"footnotes":""},"categories":[48],"tags":[],"class_list":{"0":"post-6269","1":"post","2":"type-post","3":"status-publish","4":"format-standard","5":"has-post-thumbnail","7":"category-geral"},"_links":{"self":[{"href":"https:\/\/jm-metropole.com.br\/site\/wp-json\/wp\/v2\/posts\/6269","targetHints":{"allow":["GET"]}}],"collection":[{"href":"https:\/\/jm-metropole.com.br\/site\/wp-json\/wp\/v2\/posts"}],"about":[{"href":"https:\/\/jm-metropole.com.br\/site\/wp-json\/wp\/v2\/types\/post"}],"author":[{"embeddable":true,"href":"https:\/\/jm-metropole.com.br\/site\/wp-json\/wp\/v2\/users\/1"}],"replies":[{"embeddable":true,"href":"https:\/\/jm-metropole.com.br\/site\/wp-json\/wp\/v2\/comments?post=6269"}],"version-history":[{"count":1,"href":"https:\/\/jm-metropole.com.br\/site\/wp-json\/wp\/v2\/posts\/6269\/revisions"}],"predecessor-version":[{"id":6271,"href":"https:\/\/jm-metropole.com.br\/site\/wp-json\/wp\/v2\/posts\/6269\/revisions\/6271"}],"wp:featuredmedia":[{"embeddable":true,"href":"https:\/\/jm-metropole.com.br\/site\/wp-json\/wp\/v2\/media\/6270"}],"wp:attachment":[{"href":"https:\/\/jm-metropole.com.br\/site\/wp-json\/wp\/v2\/media?parent=6269"}],"wp:term":[{"taxonomy":"category","embeddable":true,"href":"https:\/\/jm-metropole.com.br\/site\/wp-json\/wp\/v2\/categories?post=6269"},{"taxonomy":"post_tag","embeddable":true,"href":"https:\/\/jm-metropole.com.br\/site\/wp-json\/wp\/v2\/tags?post=6269"}],"curies":[{"name":"wp","href":"https:\/\/api.w.org\/{rel}","templated":true}]}}