{"id":6264,"date":"2023-02-10T08:19:43","date_gmt":"2023-02-10T11:19:43","guid":{"rendered":"https:\/\/jm-metropole.com.br\/site\/?p=6264"},"modified":"2023-02-10T08:19:43","modified_gmt":"2023-02-10T11:19:43","slug":"governo-do-estado-veta-projeto-que-previa-reducao-de-imposto-sobre-heranca","status":"publish","type":"post","link":"https:\/\/jm-metropole.com.br\/site\/governo-do-estado-veta-projeto-que-previa-reducao-de-imposto-sobre-heranca\/","title":{"rendered":"Governo do Estado veta projeto que previa redu\u00e7\u00e3o de imposto sobre heran\u00e7a"},"content":{"rendered":"<p>Aprova\u00e7\u00e3o da projeto acarretaria um impacto de R$ 4 bilh\u00f5es nas receitas do Estado, al\u00e9m do descumprimento das normas da Lei de Responsabilidade Fiscal<\/p>\n<p>O governador Tarc\u00edsio de Freitas vetou o Projeto de Lei n\u00ba 511\/2020, aprovado no final do ano passado pela Assembleia Legislativa, que reduziria a al\u00edquota do Imposto sobre Transmiss\u00e3o &#8220;Causa Mortis&#8221; e Doa\u00e7\u00e3o de Quaisquer Bens ou Direitos (ITCMD). O veto foi publicado na edi\u00e7\u00e3o desta quarta-feira (8) do Di\u00e1rio Oficial do Estado (DOE).<\/p>\n<p>De iniciativa parlamentar, a medida alteraria a al\u00edquota do ITCMD, atualmente fixada em 4%, para 0,5% nas doa\u00e7\u00f5es e 1% nas transmiss\u00f5es \u201ccausa mortis\u201d. No entanto, al\u00e9m da ren\u00fancia de receita de R$ 4 bilh\u00f5es anuais, que geraria forte impacto financeiro, a altera\u00e7\u00e3o acarretaria descumprimento de normas estabelecidas pela Lei de Responsabilidade Fiscal.<\/p>\n<p>Qualquer proposi\u00e7\u00e3o que aborde ren\u00fancia de receita deve estar acompanhada de estimativa do impacto or\u00e7ament\u00e1rio-financeiro, tanto para o ano em que a medida for tomada quanto para os dois exerc\u00edcios seguintes \u2013 o que n\u00e3o foi feito por ocasi\u00e3o das discuss\u00f5es e aprova\u00e7\u00e3o do projeto na Alesp.<\/p>\n<p>Al\u00e9m disso, A LRF exige que a ren\u00fancia de receita esteja prevista na Lei Or\u00e7ament\u00e1ria Anual ou que sejam implementadas medidas compensat\u00f3rias, fatores que n\u00e3o se verificam no presente caso.<\/p>\n","protected":false},"excerpt":{"rendered":"<p>Aprova\u00e7\u00e3o da projeto acarretaria um impacto de R$ 4 bilh\u00f5es nas receitas do Estado, al\u00e9m do descumprimento das normas da Lei de Responsabilidade Fiscal O governador Tarc\u00edsio de Freitas vetou o Projeto de Lei n\u00ba 511\/2020, aprovado no final do ano passado pela Assembleia Legislativa, que reduziria a al\u00edquota do Imposto sobre Transmiss\u00e3o &#8220;Causa Mortis&#8221; [&hellip;]<\/p>\n","protected":false},"author":1,"featured_media":6146,"comment_status":"open","ping_status":"open","sticky":false,"template":"","format":"standard","meta":{"footnotes":""},"categories":[48],"tags":[],"class_list":{"0":"post-6264","1":"post","2":"type-post","3":"status-publish","4":"format-standard","5":"has-post-thumbnail","7":"category-geral"},"_links":{"self":[{"href":"https:\/\/jm-metropole.com.br\/site\/wp-json\/wp\/v2\/posts\/6264","targetHints":{"allow":["GET"]}}],"collection":[{"href":"https:\/\/jm-metropole.com.br\/site\/wp-json\/wp\/v2\/posts"}],"about":[{"href":"https:\/\/jm-metropole.com.br\/site\/wp-json\/wp\/v2\/types\/post"}],"author":[{"embeddable":true,"href":"https:\/\/jm-metropole.com.br\/site\/wp-json\/wp\/v2\/users\/1"}],"replies":[{"embeddable":true,"href":"https:\/\/jm-metropole.com.br\/site\/wp-json\/wp\/v2\/comments?post=6264"}],"version-history":[{"count":1,"href":"https:\/\/jm-metropole.com.br\/site\/wp-json\/wp\/v2\/posts\/6264\/revisions"}],"predecessor-version":[{"id":6265,"href":"https:\/\/jm-metropole.com.br\/site\/wp-json\/wp\/v2\/posts\/6264\/revisions\/6265"}],"wp:featuredmedia":[{"embeddable":true,"href":"https:\/\/jm-metropole.com.br\/site\/wp-json\/wp\/v2\/media\/6146"}],"wp:attachment":[{"href":"https:\/\/jm-metropole.com.br\/site\/wp-json\/wp\/v2\/media?parent=6264"}],"wp:term":[{"taxonomy":"category","embeddable":true,"href":"https:\/\/jm-metropole.com.br\/site\/wp-json\/wp\/v2\/categories?post=6264"},{"taxonomy":"post_tag","embeddable":true,"href":"https:\/\/jm-metropole.com.br\/site\/wp-json\/wp\/v2\/tags?post=6264"}],"curies":[{"name":"wp","href":"https:\/\/api.w.org\/{rel}","templated":true}]}}