{"id":6261,"date":"2023-02-10T08:03:41","date_gmt":"2023-02-10T11:03:41","guid":{"rendered":"https:\/\/jm-metropole.com.br\/site\/?p=6261"},"modified":"2023-02-10T08:03:41","modified_gmt":"2023-02-10T11:03:41","slug":"mogianos-tem-ate-19-de-fevereiro-para-contribuir-com-o-programa-municipal-de-educacao-ambiental","status":"publish","type":"post","link":"https:\/\/jm-metropole.com.br\/site\/mogianos-tem-ate-19-de-fevereiro-para-contribuir-com-o-programa-municipal-de-educacao-ambiental\/","title":{"rendered":"Mogianos t\u00eam at\u00e9 19 de fevereiro para contribuir com o Programa Municipal de Educa\u00e7\u00e3o Ambiental"},"content":{"rendered":"<div class=\"col-sm-8 col-md-9 col-lg-9\">\n<div id=\"conteudo\" class=\"conteudo\">\n<p>Os mogianos t\u00eam at\u00e9 o dia 19 de fevereiro para fazer contribui\u00e7\u00f5es para a minuta do Programa Municipal de Educa\u00e7\u00e3o Ambiental (ProMEA), elaborada pela Comiss\u00e3o Municipal de Educa\u00e7\u00e3o Ambiental (Cimea) e que est\u00e1 dispon\u00edvel ao p\u00fablico no site do Participa Mogi. Os interessados podem acessar um\u00a0<a href=\"https:\/\/participa.mogidascruzes.sp.gov.br\/survey\/s_promea_add.php#1\" target=\"_blank\" rel=\"noopener\">link<\/a>\u00a0que d\u00e1 acesso a um formul\u00e1rio. Nele, os interessados podem dar sugest\u00f5es para complementar a reda\u00e7\u00e3o dos itens da minuta.\u00a0O programa \u00e9 um documento orientador, que indica as diretrizes e princ\u00edpios a serem adotados para o desenvolvimento, fortalecimento e amplia\u00e7\u00e3o das iniciativas de educa\u00e7\u00e3o ambiental no territ\u00f3rio mogiano.<\/p>\n<p>O secret\u00e1rio municipal do Meio Ambiente e Prote\u00e7\u00e3o Ambiental, Andr\u00e9 Saraiva, lembra que a participa\u00e7\u00e3o popular \u00e9 uma caracter\u00edstica da atual gest\u00e3o e o objetivo da consulta popular \u00e9 contar com a colabora\u00e7\u00e3o das pessoas para aprimorar o programa.\u00a0\u201cTemos uma minuta muito bem feita, por um grupo que tamb\u00e9m foi formado de maneira democr\u00e1tica e transparente, e estamos ampliando ainda mais o processo participativo com este edital, que est\u00e1 aberto aos cidad\u00e3os\u201d, explica o secret\u00e1rio.<\/p>\n<p>No dia 28 de fevereiro, a Secretaria do Verde e a Comiss\u00e3o Municipal de Educa\u00e7\u00e3o Ambiental realizar\u00e3o uma consulta presencial, das 14h \u00e0s 16h, no audit\u00f3rio da Prefeitura (avenida Narciso Yague Guimar\u00e3es, 277 &#8211; Centro), para receber oficialmente todas as sugest\u00f5es da popula\u00e7\u00e3o. O material ser\u00e1 compilado e analisado pelos t\u00e9cnicos da pasta. A reda\u00e7\u00e3o final do documento ocorrer\u00e1 no m\u00eas de mar\u00e7o. No final de mar\u00e7o, a Comiss\u00e3o realizar\u00e1 uma reuni\u00e3o t\u00e9cnica para o planejamento de suas a\u00e7\u00f5es e j\u00e1 contar\u00e1 com o plano atualizado.<\/p>\n<p><strong>Comiss\u00e3o<\/strong><\/p>\n<p>A Comiss\u00e3o Interinstitucional Municipal de Educa\u00e7\u00e3o Ambiental (CIMEA) foi formada tamb\u00e9m a partir de um processo democr\u00e1tico de participa\u00e7\u00e3o popular, realizado no ano passado. No dia 25 de mar\u00e7o, foi realizada a elei\u00e7\u00e3o que definiu as entidades integrantes do grupo. A elei\u00e7\u00e3o foi realizada porque o n\u00famero de entidades inscritas foi superior ao n\u00famero de assentos previstos para esse segmento no \u00e2mbito da comiss\u00e3o, de acordo com as determina\u00e7\u00f5es do edital.<\/p>\n<p>Foram eleitas para compor a CIMEA o Coletivo Okara Ambiental, Faculdade de Tecnologia de Mogi das Cruzes (Fatec), Gr\u00eamio Recreativo, Esportivo, Social, Cultural e Educacional Esquadr\u00e3o Alvi-Negro, Instituto Ecofuturo \u2013 Futuro para o Desenvolvimento Sustent\u00e1vel, Universidade de Mogi das Cruzes (UMC), Instituto Itaquareia, Associa\u00e7\u00e3o dos Moradores da Vila Oliveira e Adjac\u00eancias (AMVOA), Associa\u00e7\u00e3o pela Promo\u00e7\u00e3o da Cidadania e Solidariedade (MAKAUBA) e a Associa\u00e7\u00e3o de Moradores Alfa Jundiapeba Regulariza\u00e7\u00e3o de Moradias. A comiss\u00e3o tamb\u00e9m conta com a presen\u00e7a de nove representantes do Poder Executivo, que tamb\u00e9m integram a comiss\u00e3o.<\/p>\n<p>&nbsp;<\/p>\n<div class=\"text-center\"><\/div>\n<\/div>\n<\/div>\n","protected":false},"excerpt":{"rendered":"<p>Os mogianos t\u00eam at\u00e9 o dia 19 de fevereiro para fazer contribui\u00e7\u00f5es para a minuta do Programa Municipal de Educa\u00e7\u00e3o Ambiental (ProMEA), elaborada pela Comiss\u00e3o Municipal de Educa\u00e7\u00e3o Ambiental (Cimea) e que est\u00e1 dispon\u00edvel ao p\u00fablico no site do Participa Mogi. Os interessados podem acessar um\u00a0link\u00a0que d\u00e1 acesso a um formul\u00e1rio. Nele, os interessados podem [&hellip;]<\/p>\n","protected":false},"author":1,"featured_media":6262,"comment_status":"open","ping_status":"open","sticky":false,"template":"","format":"standard","meta":{"footnotes":""},"categories":[10],"tags":[],"class_list":{"0":"post-6261","1":"post","2":"type-post","3":"status-publish","4":"format-standard","5":"has-post-thumbnail","7":"category-mogi-das-cruzes"},"_links":{"self":[{"href":"https:\/\/jm-metropole.com.br\/site\/wp-json\/wp\/v2\/posts\/6261","targetHints":{"allow":["GET"]}}],"collection":[{"href":"https:\/\/jm-metropole.com.br\/site\/wp-json\/wp\/v2\/posts"}],"about":[{"href":"https:\/\/jm-metropole.com.br\/site\/wp-json\/wp\/v2\/types\/post"}],"author":[{"embeddable":true,"href":"https:\/\/jm-metropole.com.br\/site\/wp-json\/wp\/v2\/users\/1"}],"replies":[{"embeddable":true,"href":"https:\/\/jm-metropole.com.br\/site\/wp-json\/wp\/v2\/comments?post=6261"}],"version-history":[{"count":1,"href":"https:\/\/jm-metropole.com.br\/site\/wp-json\/wp\/v2\/posts\/6261\/revisions"}],"predecessor-version":[{"id":6263,"href":"https:\/\/jm-metropole.com.br\/site\/wp-json\/wp\/v2\/posts\/6261\/revisions\/6263"}],"wp:featuredmedia":[{"embeddable":true,"href":"https:\/\/jm-metropole.com.br\/site\/wp-json\/wp\/v2\/media\/6262"}],"wp:attachment":[{"href":"https:\/\/jm-metropole.com.br\/site\/wp-json\/wp\/v2\/media?parent=6261"}],"wp:term":[{"taxonomy":"category","embeddable":true,"href":"https:\/\/jm-metropole.com.br\/site\/wp-json\/wp\/v2\/categories?post=6261"},{"taxonomy":"post_tag","embeddable":true,"href":"https:\/\/jm-metropole.com.br\/site\/wp-json\/wp\/v2\/tags?post=6261"}],"curies":[{"name":"wp","href":"https:\/\/api.w.org\/{rel}","templated":true}]}}