{"id":6252,"date":"2023-02-10T07:51:26","date_gmt":"2023-02-10T10:51:26","guid":{"rendered":"https:\/\/jm-metropole.com.br\/site\/?p=6252"},"modified":"2023-02-10T07:51:26","modified_gmt":"2023-02-10T10:51:26","slug":"equipamentos-de-fiscalizacao-eletronica-de-velocidade-comecam-a-operar-no-dia-20-de-fevereiro","status":"publish","type":"post","link":"https:\/\/jm-metropole.com.br\/site\/equipamentos-de-fiscalizacao-eletronica-de-velocidade-comecam-a-operar-no-dia-20-de-fevereiro\/","title":{"rendered":"Equipamentos de fiscaliza\u00e7\u00e3o eletr\u00f4nica de velocidade come\u00e7am a operar no dia 20 de fevereiro"},"content":{"rendered":"<p>Al\u00e9m de controlar a velocidade regulamentada das vias, o objetivo tamb\u00e9m \u00e9 a seguran\u00e7a de pedestres e condutores<\/p>\n<p>A Prefeitura de Po\u00e1, por meio da Secretaria de Transportes e Mobilidade Urbana informa que os radares e lombadas eletr\u00f4nicas que est\u00e3o sendo implantados na cidade come\u00e7am a operar a partir do dia 20 de fevereiro.<\/p>\n<p>De acordo com informa\u00e7\u00f5es da Pasta, esta \u00e9 mais uma a\u00e7\u00e3o que visa a seguran\u00e7a de pedestres e motoristas. Oito equipamentos de fiscaliza\u00e7\u00e3o de velocidade, sendo quatro lombadas e quatro radares eletr\u00f4nicos, se encontram na fase de implanta\u00e7\u00e3o e aferi\u00e7\u00e3o do INMETRO (Instituto Nacional de Metrologia, Qualidade e Tecnologia).<\/p>\n<p>O equipamento de lombada eletr\u00f4nica est\u00e1 presente nas seguintes vias: rua Maria do Ros\u00e1rio (pr\u00f3ximo ao n\u00ba 616); avenida Prefeito Jorge Francisco Corr\u00eaa Allen (pr\u00f3ximo ao n\u00ba 325); avenida Edir Mendon\u00e7a Felippe (pr\u00f3ximo ao n\u00ba 1.200); e na avenida Vital Brasil (pr\u00f3ximo ao n\u00ba 615), com velocidade m\u00e1xima permitida de 40 Km.<\/p>\n<p>J\u00e1 o radar foi instalado nessas vias: estrada Padre Eust\u00e1quio (Km 01), com velocidade m\u00e1xima permitida de 50 km; rodovia Jo\u00e3o Afonso de Souza Castellano (pr\u00f3ximo ao n\u00ba 429); avenida Leonor Bolsoni Marques (pr\u00f3ximo ao n\u00ba 420); e avenida Capit\u00e3o Pedro Esperidi\u00e3o Hoffer (pr\u00f3ximo ao lado oposto ao n\u00ba 1.630), sendo que nestas \u00faltimas tr\u00eas vias a velocidade m\u00e1xima permitida \u00e9 de 40 km.<\/p>\n<p>A Secretaria ressaltou que a instala\u00e7\u00e3o dos equipamentos de fiscaliza\u00e7\u00e3o eletr\u00f4nicos se deu devido ao excesso de velocidade e necessidade de fiscalizar o n\u00e3o cumprimento da velocidade regulamentada nas vias do munic\u00edpio, conforme o Art. 24 e os seus incisos do C\u00f3digo de Tr\u00e2nsito Brasileiro.<\/p>\n<p>\u201cA Secretaria Municipal de Transportes junto com a Guarda Civil Municipal (GCM) e Pol\u00edcia Militar, tamb\u00e9m vem intensificando todas as fiscaliza\u00e7\u00f5es de tr\u00e2nsito para melhorar a seguran\u00e7a dos pedestres e condutores que circulam em nossas vias p\u00fablicas. Vale lembrar que apenas s\u00e3o passivos de multa, os infratores que n\u00e3o respeitam as leis de tr\u00e2nsito\u201d, disse o diretor do Departamento de Tr\u00e2nsito da Secretaria, Marcos Pacheco.<\/p>\n<p>Equipamentos<\/p>\n<p>A Pasta explicou que tanto o radar, quanto a lombada eletr\u00f4nica, s\u00e3o fiscalizadores que medem a velocidade, a diferen\u00e7a \u00e9 que a lombada eletr\u00f4nica tem um painel que mostra ao condutor a velocidade que ele passou.<br \/>\nFoto: Rodrigo Nagafuti<\/p>\n","protected":false},"excerpt":{"rendered":"<p>Al\u00e9m de controlar a velocidade regulamentada das vias, o objetivo tamb\u00e9m \u00e9 a seguran\u00e7a de pedestres e condutores A Prefeitura de Po\u00e1, por meio da Secretaria de Transportes e Mobilidade Urbana informa que os radares e lombadas eletr\u00f4nicas que est\u00e3o sendo implantados na cidade come\u00e7am a operar a partir do dia 20 de fevereiro. De [&hellip;]<\/p>\n","protected":false},"author":1,"featured_media":6253,"comment_status":"open","ping_status":"open","sticky":false,"template":"","format":"standard","meta":{"footnotes":""},"categories":[19],"tags":[],"class_list":{"0":"post-6252","1":"post","2":"type-post","3":"status-publish","4":"format-standard","5":"has-post-thumbnail","7":"category-poa"},"_links":{"self":[{"href":"https:\/\/jm-metropole.com.br\/site\/wp-json\/wp\/v2\/posts\/6252","targetHints":{"allow":["GET"]}}],"collection":[{"href":"https:\/\/jm-metropole.com.br\/site\/wp-json\/wp\/v2\/posts"}],"about":[{"href":"https:\/\/jm-metropole.com.br\/site\/wp-json\/wp\/v2\/types\/post"}],"author":[{"embeddable":true,"href":"https:\/\/jm-metropole.com.br\/site\/wp-json\/wp\/v2\/users\/1"}],"replies":[{"embeddable":true,"href":"https:\/\/jm-metropole.com.br\/site\/wp-json\/wp\/v2\/comments?post=6252"}],"version-history":[{"count":1,"href":"https:\/\/jm-metropole.com.br\/site\/wp-json\/wp\/v2\/posts\/6252\/revisions"}],"predecessor-version":[{"id":6254,"href":"https:\/\/jm-metropole.com.br\/site\/wp-json\/wp\/v2\/posts\/6252\/revisions\/6254"}],"wp:featuredmedia":[{"embeddable":true,"href":"https:\/\/jm-metropole.com.br\/site\/wp-json\/wp\/v2\/media\/6253"}],"wp:attachment":[{"href":"https:\/\/jm-metropole.com.br\/site\/wp-json\/wp\/v2\/media?parent=6252"}],"wp:term":[{"taxonomy":"category","embeddable":true,"href":"https:\/\/jm-metropole.com.br\/site\/wp-json\/wp\/v2\/categories?post=6252"},{"taxonomy":"post_tag","embeddable":true,"href":"https:\/\/jm-metropole.com.br\/site\/wp-json\/wp\/v2\/tags?post=6252"}],"curies":[{"name":"wp","href":"https:\/\/api.w.org\/{rel}","templated":true}]}}