{"id":6244,"date":"2023-02-09T15:22:27","date_gmt":"2023-02-09T18:22:27","guid":{"rendered":"https:\/\/jm-metropole.com.br\/site\/?p=6244"},"modified":"2023-02-09T15:22:27","modified_gmt":"2023-02-09T18:22:27","slug":"abertura-de-farmacia-do-cem-da-secretaria-municipal-de-saude-aos-sabados-e-domingos","status":"publish","type":"post","link":"https:\/\/jm-metropole.com.br\/site\/abertura-de-farmacia-do-cem-da-secretaria-municipal-de-saude-aos-sabados-e-domingos\/","title":{"rendered":"Abertura de farm\u00e1cia do CEM da Secretaria Municipal de Sa\u00fade aos s\u00e1bados e domingos"},"content":{"rendered":"<p>O Setor de Farm\u00e1cia da Secretaria Municipal de Sa\u00fade informa que funcionar\u00e1 o dispens\u00e1rio do Centro de Especialidades M\u00e9dicas (CEM), unidade que fica no Centro de Aruj\u00e1.<\/p>\n<p>O funcionamento ser\u00e1 aos s\u00e1bados e domingos das 8 \u00e0s 12 horas.<br \/>\nA iniciativa visa atender as pessoas que passarem nos servi\u00e7os de sa\u00fade na sexta-feira, s\u00e1bado e domingo.<\/p>\n<p>N\u00e3o ser\u00e3o entregues medicamentos controlados pertencentes \u00e0 Portaria 344\/98, esses somente durante a semana.<\/p>\n<p>Em decorr\u00eancia do atendimento ser espec\u00edfico para as prescri\u00e7\u00f5es de final de semana, atenderemos as demandas de antimicrobianos, antiinflamat\u00f3rios, antit\u00e9rmicos e analg\u00e9sicos.<\/p>\n<p>Em casos pontuais, faremos a dispensa\u00e7\u00e3o, por exemplo, de hipertensos, quando o paciente tiver um pico hipertensivo e precisar iniciar o tratamento, mas ser\u00e1 orientado a procurar a UBS para avalia\u00e7\u00e3o com cl\u00ednico e confirma\u00e7\u00e3o do tratamento.<br \/>\nAtenderemos a popula\u00e7\u00e3o residente de Aruj\u00e1, com confirma\u00e7\u00e3o do endere\u00e7o, c\u00f3pia da receita e cart\u00e3o SUS.<\/p>\n","protected":false},"excerpt":{"rendered":"<p>O Setor de Farm\u00e1cia da Secretaria Municipal de Sa\u00fade informa que funcionar\u00e1 o dispens\u00e1rio do Centro de Especialidades M\u00e9dicas (CEM), unidade que fica no Centro de Aruj\u00e1. O funcionamento ser\u00e1 aos s\u00e1bados e domingos das 8 \u00e0s 12 horas. A iniciativa visa atender as pessoas que passarem nos servi\u00e7os de sa\u00fade na sexta-feira, s\u00e1bado e [&hellip;]<\/p>\n","protected":false},"author":1,"featured_media":6245,"comment_status":"open","ping_status":"open","sticky":false,"template":"","format":"standard","meta":{"footnotes":""},"categories":[4],"tags":[],"class_list":{"0":"post-6244","1":"post","2":"type-post","3":"status-publish","4":"format-standard","5":"has-post-thumbnail","7":"category-aruja"},"_links":{"self":[{"href":"https:\/\/jm-metropole.com.br\/site\/wp-json\/wp\/v2\/posts\/6244","targetHints":{"allow":["GET"]}}],"collection":[{"href":"https:\/\/jm-metropole.com.br\/site\/wp-json\/wp\/v2\/posts"}],"about":[{"href":"https:\/\/jm-metropole.com.br\/site\/wp-json\/wp\/v2\/types\/post"}],"author":[{"embeddable":true,"href":"https:\/\/jm-metropole.com.br\/site\/wp-json\/wp\/v2\/users\/1"}],"replies":[{"embeddable":true,"href":"https:\/\/jm-metropole.com.br\/site\/wp-json\/wp\/v2\/comments?post=6244"}],"version-history":[{"count":1,"href":"https:\/\/jm-metropole.com.br\/site\/wp-json\/wp\/v2\/posts\/6244\/revisions"}],"predecessor-version":[{"id":6246,"href":"https:\/\/jm-metropole.com.br\/site\/wp-json\/wp\/v2\/posts\/6244\/revisions\/6246"}],"wp:featuredmedia":[{"embeddable":true,"href":"https:\/\/jm-metropole.com.br\/site\/wp-json\/wp\/v2\/media\/6245"}],"wp:attachment":[{"href":"https:\/\/jm-metropole.com.br\/site\/wp-json\/wp\/v2\/media?parent=6244"}],"wp:term":[{"taxonomy":"category","embeddable":true,"href":"https:\/\/jm-metropole.com.br\/site\/wp-json\/wp\/v2\/categories?post=6244"},{"taxonomy":"post_tag","embeddable":true,"href":"https:\/\/jm-metropole.com.br\/site\/wp-json\/wp\/v2\/tags?post=6244"}],"curies":[{"name":"wp","href":"https:\/\/api.w.org\/{rel}","templated":true}]}}