{"id":6241,"date":"2023-02-09T15:19:06","date_gmt":"2023-02-09T18:19:06","guid":{"rendered":"https:\/\/jm-metropole.com.br\/site\/?p=6241"},"modified":"2023-02-09T15:19:06","modified_gmt":"2023-02-09T18:19:06","slug":"ano-letivo-na-rede-municipal-de-guararema-tem-inicio-para-cerca-de-37-mil-alunos","status":"publish","type":"post","link":"https:\/\/jm-metropole.com.br\/site\/ano-letivo-na-rede-municipal-de-guararema-tem-inicio-para-cerca-de-37-mil-alunos\/","title":{"rendered":"Ano letivo na Rede Municipal de Guararema tem in\u00edcio para cerca de 3,7 mil alunos"},"content":{"rendered":"<p>Secretaria Municipal de Educa\u00e7\u00e3o promoveu o retorno das aulas com seguran\u00e7a, informa\u00e7\u00e3o e kits de materiais e uniformes<\/p>\n<p>A Prefeitura de Guararema, por meio da Secretaria Municipal de Educa\u00e7\u00e3o, deu in\u00edcio nesta quarta-feira (08) ao ano letivo 2023 na Rede Municipal de Ensino.<br \/>\nCerca de 3,7 alunos, distribu\u00eddos em 25 escolas geridas pela Administra\u00e7\u00e3o Municipal, deram in\u00edcio ao ano letivo de 2023, de forma presencial. Vale lembrar que a Rede Municipal de Ensino atende a Educa\u00e7\u00e3o Infantil e o Ensino Fundamental &#8211; Ciclo I, com alunos de 6 meses at\u00e9 11 anos.<\/p>\n<p>No primeiro dia de aulas, al\u00e9m de conhecer os professores, os colegas e as depend\u00eancias da escola, os alunos tamb\u00e9m recebem o material escolar, com os livros, cadernos, l\u00e1pis e outros itens, al\u00e9m do kit com uma sacola personalizada, uniforme e um folder informativo.<br \/>\nNos folders que acompanham o kit de material e uniforme muita informa\u00e7\u00e3o est\u00e1 inserida. A descri\u00e7\u00e3o dos materiais que v\u00e3o ser entregues, curiosidades sobre o retorno das aulas, o planejamento das atividades do ano letivo e outras informa\u00e7\u00f5es pertinentes.<br \/>\nO prefeito de Guararema, Z\u00e9, esteve em algumas escolas do munic\u00edpio acompanhando o retorno das crian\u00e7as nas escolas e ressaltou o importante trabalho realizado pela Secretaria Municipal de Educa\u00e7\u00e3o.<\/p>\n<p>\u201cTemos escolas preparadas das mais diversas formas para atender a demanda de crian\u00e7as do nosso munic\u00edpio. Est\u00e1 tudo muito bem programado e tenho certeza que teremos um grande ano letivo na Rede Municipal\u201d, afirmou.<\/p>\n<p>Antes do retorno das aulas, a Secretaria Municipal de Educa\u00e7\u00e3o tem muito trabalho para deixar tudo preparado para o ano letivo. Limpeza e manuten\u00e7\u00e3o predial, organiza\u00e7\u00e3o dos espa\u00e7os, conserto e reposi\u00e7\u00e3o de equipamentos, elabora\u00e7\u00e3o do calend\u00e1rio, planejamento de atividades de forma\u00e7\u00e3o continuada para os profissionais e muitas outras a\u00e7\u00f5es come\u00e7aram a ser executadas ainda ano letivo anterior.<\/p>\n","protected":false},"excerpt":{"rendered":"<p>Secretaria Municipal de Educa\u00e7\u00e3o promoveu o retorno das aulas com seguran\u00e7a, informa\u00e7\u00e3o e kits de materiais e uniformes A Prefeitura de Guararema, por meio da Secretaria Municipal de Educa\u00e7\u00e3o, deu in\u00edcio nesta quarta-feira (08) ao ano letivo 2023 na Rede Municipal de Ensino. Cerca de 3,7 alunos, distribu\u00eddos em 25 escolas geridas pela Administra\u00e7\u00e3o Municipal, [&hellip;]<\/p>\n","protected":false},"author":1,"featured_media":6242,"comment_status":"open","ping_status":"open","sticky":false,"template":"","format":"standard","meta":{"footnotes":""},"categories":[8],"tags":[],"class_list":{"0":"post-6241","1":"post","2":"type-post","3":"status-publish","4":"format-standard","5":"has-post-thumbnail","7":"category-guararema"},"_links":{"self":[{"href":"https:\/\/jm-metropole.com.br\/site\/wp-json\/wp\/v2\/posts\/6241","targetHints":{"allow":["GET"]}}],"collection":[{"href":"https:\/\/jm-metropole.com.br\/site\/wp-json\/wp\/v2\/posts"}],"about":[{"href":"https:\/\/jm-metropole.com.br\/site\/wp-json\/wp\/v2\/types\/post"}],"author":[{"embeddable":true,"href":"https:\/\/jm-metropole.com.br\/site\/wp-json\/wp\/v2\/users\/1"}],"replies":[{"embeddable":true,"href":"https:\/\/jm-metropole.com.br\/site\/wp-json\/wp\/v2\/comments?post=6241"}],"version-history":[{"count":1,"href":"https:\/\/jm-metropole.com.br\/site\/wp-json\/wp\/v2\/posts\/6241\/revisions"}],"predecessor-version":[{"id":6243,"href":"https:\/\/jm-metropole.com.br\/site\/wp-json\/wp\/v2\/posts\/6241\/revisions\/6243"}],"wp:featuredmedia":[{"embeddable":true,"href":"https:\/\/jm-metropole.com.br\/site\/wp-json\/wp\/v2\/media\/6242"}],"wp:attachment":[{"href":"https:\/\/jm-metropole.com.br\/site\/wp-json\/wp\/v2\/media?parent=6241"}],"wp:term":[{"taxonomy":"category","embeddable":true,"href":"https:\/\/jm-metropole.com.br\/site\/wp-json\/wp\/v2\/categories?post=6241"},{"taxonomy":"post_tag","embeddable":true,"href":"https:\/\/jm-metropole.com.br\/site\/wp-json\/wp\/v2\/tags?post=6241"}],"curies":[{"name":"wp","href":"https:\/\/api.w.org\/{rel}","templated":true}]}}