{"id":6231,"date":"2023-02-09T13:12:52","date_gmt":"2023-02-09T16:12:52","guid":{"rendered":"https:\/\/jm-metropole.com.br\/site\/?p=6231"},"modified":"2023-02-09T13:12:52","modified_gmt":"2023-02-09T16:12:52","slug":"operacao-cata-treco-atende-jardim-paraiso-e-mais-sete-bairros-neste-final-de-semana","status":"publish","type":"post","link":"https:\/\/jm-metropole.com.br\/site\/operacao-cata-treco-atende-jardim-paraiso-e-mais-sete-bairros-neste-final-de-semana\/","title":{"rendered":"Opera\u00e7\u00e3o Cata-Treco atende Jardim Para\u00edso e mais sete bairros neste final de semana"},"content":{"rendered":"<p>Os caminh\u00f5es da Opera\u00e7\u00e3o Cata-Treco da Prefeitura de Guarulhos atender\u00e3o os bairros Jardim Para\u00edso, Jardim Ac\u00e1cio e Campo da Paz neste\u00a0s\u00e1bado\u00a0(11). No\u00a0domingo\u00a0(12) ser\u00e1 a vez dos bairros Jardim Santa Em\u00edlia, Jardim Santa In\u00eas, Jardim S\u00edlvia, Jardim Nova Tabo\u00e3o e Jardim Tabo\u00e3o.<\/p>\n<p>Os moradores interessados em utilizar o servi\u00e7o devem deixar os itens que desejam descartar na frente de suas resid\u00eancias at\u00e9 as 9h do dia da passagem do caminh\u00e3o, sem atrapalhar os pedestres e o tr\u00e2nsito. Entre os objetos que podem ser descartados est\u00e3o madeira, mesas, sof\u00e1s, colch\u00f5es, eletrodom\u00e9sticos e outros inserv\u00edveis.<\/p>\n<p>O servi\u00e7o tamb\u00e9m recolhe artigos recicl\u00e1veis, como embalagens pl\u00e1sticas, papel\u00e3o, vidro e metais. A Secretaria de Servi\u00e7os P\u00fablicos informa que os caminh\u00f5es n\u00e3o recolhem materiais de constru\u00e7\u00e3o civil, lixo\u00a0dom\u00e9stico e animais mortos.<\/p>\n<p>O objetivo da opera\u00e7\u00e3o \u00e9 facilitar a dispensa\u00e7\u00e3o correta de materiais e assim evitar que terrenos baldios, pra\u00e7as, cal\u00e7adas e margens de rios virem pontos de descarte irregular.<br \/>\nMais informa\u00e7\u00f5es sobre o servi\u00e7o em\u00a0www.guarulhos.sp.gov.br\/catatreco.<\/p>\n<p>S\u00e1bado, dia 11<\/p>\n<p>Jardim Para\u00edso<br \/>\nAvenida Ces\u00e1rio Lange, avenida D\u00e9cio Cossolin, avenida Dona Euz\u00e9bia, avenida Paulistana, avenida Pur\u00fas, avenida S\u00e3o Francisco Sales, avenida Silvestre Pires de Freitas (entre os n\u00fameros 700 e 2.100), avenida Tr\u00eas Cora\u00e7\u00f5es, rua Aiuruoca, rua Altamira, rua Ant\u00f4nio Olinto, rua Barra do Jacare\u00ed, rua Benito, rua Capivari, rua Charqueara, rua Cordisl\u00e2ndia, rua Coronel Macedo, rua da Conquista, rua Fortaleza Nogueiras, rua Fortuna de Minas, rua Guarumomis, rua H\u00e9lio Teixeira, rua Jer\u00f4nimo Monteiro, rua Jo\u00e3o Evangelista, rua Laranjal Paulista, rua Maria Rita Severino, rua Maromomis, rua Mimoso do Sul, rua Monte Si\u00e3o, rua Munhoz Melo, rua Nossa Senhora do Socorro, rua Paranapanema, rua Pardinho, rua Pedrauva, rua Porangala, rua Pouso Alegre, rua Quatro\u00a0de Fevereiro, rua Samurai, rua Santa Maria Suacui, rua Santana do Itarar\u00e9, rua Santo Estev\u00e3o, rua S\u00e3o Joaquim do Monte, rua Silvian\u00f3polis, rua Taquarituba, rua Tel\u00eamaco Borba, rua Vinte\u00a0de Maio, viela Alagoas, viela Albertina, viela Arandu, viela Arantina, viela Avar\u00e9, viela Campanha, viela Carvalhos, viela Castelo, viela Ch\u00e1cara, viela Inga\u00ed, viela Itatinga, viela Juqui\u00e1, viela Liberdade, viela Manduri, viela Pedra da Anta, viela S\u00e3o Jos\u00e9 Caiana, viela Serra dos Aimor\u00e9s, viela Vit\u00f3ria.<\/p>\n<p>Jardim Ac\u00e1cio<br \/>\nAvenida C, pra\u00e7a Ant\u00f4nio Jayme Zapata, rua Am\u00e9lia Veigas Teixeira, rua Cassiano Gomes, rua Catarina Guilhem Serrano, rua Cl\u00e9sia Lelis da Silva, rua Geraldo Jos\u00e9 de Moura, rua Giusseppa Conti Panepinto, rua Hermenegildo Orsi, rua Luiz Mellone, rua Manoel Luiz Pereira, rua Maria Lu\u00edza P\u00e9rico, rua Nestor Jo\u00e3o de Oliveira, rua Nova, rua Takayosi Tamura.<\/p>\n<p>Campo Da Paz<br \/>\nRua Campo da Paz, rua Santo Estev\u00e3o, Viela Ch\u00e1cara Um, rua Guarumomis, rua Maromomis, rua Sapucaia, rua Bel\u00e9m, rua Irm\u00e3 Dorati, rua Dos Coqueiros, estrada Municipal.<\/p>\n<p>Domingo, dia 12<\/p>\n<p>Jardim Santa Em\u00edlia<br \/>\nRua Armandina Braga de Almeida, rua Belarmino Ant\u00f4nio Garcia, rua Bom Jesus do Norte, rua Cabre\u00fava, rua Cachoeiro do Itapemirim, rua Carlos Alberto Alves de Carvalho Pinto, rua Center, rua Clementina de Jesus, rua Concei\u00e7\u00e3o Castelo, rua Criselidia Brito Barros, rua Divino de S\u00e3o Louren\u00e7o, rua Dores R. Pedras, avenida Em\u00edlia de Castro, rua Francisco Jos\u00e9 Linhares, rua Gabriel Palhal, rua Gilberto Freire, rua Jo\u00e3o Liberato dos Santos, avenida Marginal, Alameda Martins, rua Padre Geraldo Mauzerol, rua Sandro Moretti Pinezi, rua S\u00edtio dos Macines, rua dos Corretores de Im\u00f3veis, rua \u00c1guas Vermelhas.<\/p>\n<p>Jardim Santa In\u00eas<br \/>\nRua Acapulco, rua Adolfo Noronha, rua Beleza, rua Can\u00e1rio, rua Caramuru, rua Carinas, rua Chanes, rua Concei\u00e7\u00e3o da Barra, rua Diamantina, Viela Gabriel, rua Imar\u00e9s, rua Irapuru, rua Jurupis, Viela Le\u00e3o de Jud\u00e1, Passagem Lib\u00e9ria, rua Maria Rodrigues da Silva, rua Maturi, rua Nhambu, rua Palestra, rua Paulo Canarim, avenida Pr\u00edncipe de Gales, rua Sebasti\u00e3o D&#8217;Oeste, rua Vicente Leporace.<\/p>\n<p>Jardim S\u00edlvia<br \/>\nRua Iep\u00ea, rua Imonclar E. Lazari, rua Indiana, pra\u00e7a Josua, rua Petr\u00f3cia, viela P\u00e9rsia, rua Santo Ant\u00f4nio da Posse, avenida Sumar\u00e9, rua S\u00e3o Gabriel da Palha, viela Viena.<\/p>\n<p>Jardim Nova Tabo\u00e3o<br \/>\nTravessa Assun\u00e7\u00e3o, viela Assun\u00e7\u00e3o, viela Bruni, rua Carazinho, rua Copan, rua Coronel Pacheco, rua Nilce Malheiros de Alc\u00e2ntara, avenida Nova Tabo\u00e3o, rua S\u00e3o Vicente das Minas, rua Trajano de Faria.<\/p>\n<p>Jardim Tabo\u00e3o<br \/>\nRua Croqueta, rua Interina, rua Paul\u00ednia.<\/p>\n<p>Foto: Jackson Argolo\/PMG<\/p>\n","protected":false},"excerpt":{"rendered":"<p>Os caminh\u00f5es da Opera\u00e7\u00e3o Cata-Treco da Prefeitura de Guarulhos atender\u00e3o os bairros Jardim Para\u00edso, Jardim Ac\u00e1cio e Campo da Paz neste\u00a0s\u00e1bado\u00a0(11). No\u00a0domingo\u00a0(12) ser\u00e1 a vez dos bairros Jardim Santa Em\u00edlia, Jardim Santa In\u00eas, Jardim S\u00edlvia, Jardim Nova Tabo\u00e3o e Jardim Tabo\u00e3o. Os moradores interessados em utilizar o servi\u00e7o devem deixar os itens que desejam descartar [&hellip;]<\/p>\n","protected":false},"author":1,"featured_media":6232,"comment_status":"open","ping_status":"open","sticky":false,"template":"","format":"standard","meta":{"footnotes":""},"categories":[3],"tags":[],"class_list":{"0":"post-6231","1":"post","2":"type-post","3":"status-publish","4":"format-standard","5":"has-post-thumbnail","7":"category-guarulhos"},"_links":{"self":[{"href":"https:\/\/jm-metropole.com.br\/site\/wp-json\/wp\/v2\/posts\/6231","targetHints":{"allow":["GET"]}}],"collection":[{"href":"https:\/\/jm-metropole.com.br\/site\/wp-json\/wp\/v2\/posts"}],"about":[{"href":"https:\/\/jm-metropole.com.br\/site\/wp-json\/wp\/v2\/types\/post"}],"author":[{"embeddable":true,"href":"https:\/\/jm-metropole.com.br\/site\/wp-json\/wp\/v2\/users\/1"}],"replies":[{"embeddable":true,"href":"https:\/\/jm-metropole.com.br\/site\/wp-json\/wp\/v2\/comments?post=6231"}],"version-history":[{"count":1,"href":"https:\/\/jm-metropole.com.br\/site\/wp-json\/wp\/v2\/posts\/6231\/revisions"}],"predecessor-version":[{"id":6233,"href":"https:\/\/jm-metropole.com.br\/site\/wp-json\/wp\/v2\/posts\/6231\/revisions\/6233"}],"wp:featuredmedia":[{"embeddable":true,"href":"https:\/\/jm-metropole.com.br\/site\/wp-json\/wp\/v2\/media\/6232"}],"wp:attachment":[{"href":"https:\/\/jm-metropole.com.br\/site\/wp-json\/wp\/v2\/media?parent=6231"}],"wp:term":[{"taxonomy":"category","embeddable":true,"href":"https:\/\/jm-metropole.com.br\/site\/wp-json\/wp\/v2\/categories?post=6231"},{"taxonomy":"post_tag","embeddable":true,"href":"https:\/\/jm-metropole.com.br\/site\/wp-json\/wp\/v2\/tags?post=6231"}],"curies":[{"name":"wp","href":"https:\/\/api.w.org\/{rel}","templated":true}]}}