{"id":6222,"date":"2023-02-08T16:59:40","date_gmt":"2023-02-08T19:59:40","guid":{"rendered":"https:\/\/jm-metropole.com.br\/site\/?p=6222"},"modified":"2023-02-08T16:59:40","modified_gmt":"2023-02-08T19:59:40","slug":"fundo-social-de-solidariedade-de-itaqua-esta-com-inscricoes-abertas-para-cinco-cursos","status":"publish","type":"post","link":"https:\/\/jm-metropole.com.br\/site\/fundo-social-de-solidariedade-de-itaqua-esta-com-inscricoes-abertas-para-cinco-cursos\/","title":{"rendered":"Fundo Social de Solidariedade de Itaqu\u00e1 est\u00e1 com inscri\u00e7\u00f5es abertas para cinco cursos"},"content":{"rendered":"<p>Vagas s\u00e3o limitadas e inscri\u00e7\u00f5es devem ser feitas presencialmente<\/p>\n<p>O Fundo Social de Solidariedade de Itaquaquecetuba est\u00e1 com inscri\u00e7\u00f5es abertas para cursos de corte e costura, manicure e pedicure, cabeleireiro, panifica\u00e7\u00e3o e artesanato. Para participar \u00e9 necess\u00e1rio residir em Itaqu\u00e1 e ter a partir de 16 anos.<\/p>\n<p>As inscri\u00e7\u00f5es devem ser feitas at\u00e9 esta sexta-feira (10) na Casa de Cursos (rua Dirce Passos, 14 &#8211; centro) e \u00e9 necess\u00e1rio apresentar c\u00f3pia do RG e comprovante de endere\u00e7o. O local funciona de segunda a sexta, das 8h \u00e0s 16h.<\/p>\n<p>&#8220;Me sinto realizada com cada turma que formamos. A Casa de Cursos deu muito certo e queremos ampliar cada vez mais a oferta de cursos&#8221;, destacou a presidente do Fundo Social, Mila Prates Queroz.<\/p>\n<p>Cada modalidade tem um m\u00eas e meio de dura\u00e7\u00e3o e as aulas come\u00e7am na pr\u00f3xima ter\u00e7a-feira (14) com duas turmas di\u00e1rias, sendo uma de manh\u00e3 (das 8h30 \u00e0s 11h30) e outra \u00e0 tarde (das 13h30 \u00e0s 16h30).<\/p>\n<p>&#8220;Quanto mais conhecimento e especializa\u00e7\u00e3o a pessoa tem, mais chances de conseguir uma boa coloca\u00e7\u00e3o no mercado de trabalho ou de abrir o pr\u00f3prio neg\u00f3cio. Levar qualifica\u00e7\u00e3o para a popula\u00e7\u00e3o \u00e9 uma de nossas bandeiras&#8221;, finalizou o prefeito Eduardo Boigues.<\/p>\n<p>Fotos: Dayane Oliveira<\/p>\n","protected":false},"excerpt":{"rendered":"<p>Vagas s\u00e3o limitadas e inscri\u00e7\u00f5es devem ser feitas presencialmente O Fundo Social de Solidariedade de Itaquaquecetuba est\u00e1 com inscri\u00e7\u00f5es abertas para cursos de corte e costura, manicure e pedicure, cabeleireiro, panifica\u00e7\u00e3o e artesanato. Para participar \u00e9 necess\u00e1rio residir em Itaqu\u00e1 e ter a partir de 16 anos. As inscri\u00e7\u00f5es devem ser feitas at\u00e9 esta sexta-feira [&hellip;]<\/p>\n","protected":false},"author":1,"featured_media":6223,"comment_status":"open","ping_status":"open","sticky":false,"template":"","format":"standard","meta":{"footnotes":""},"categories":[6],"tags":[],"class_list":{"0":"post-6222","1":"post","2":"type-post","3":"status-publish","4":"format-standard","5":"has-post-thumbnail","7":"category-itaqua"},"_links":{"self":[{"href":"https:\/\/jm-metropole.com.br\/site\/wp-json\/wp\/v2\/posts\/6222","targetHints":{"allow":["GET"]}}],"collection":[{"href":"https:\/\/jm-metropole.com.br\/site\/wp-json\/wp\/v2\/posts"}],"about":[{"href":"https:\/\/jm-metropole.com.br\/site\/wp-json\/wp\/v2\/types\/post"}],"author":[{"embeddable":true,"href":"https:\/\/jm-metropole.com.br\/site\/wp-json\/wp\/v2\/users\/1"}],"replies":[{"embeddable":true,"href":"https:\/\/jm-metropole.com.br\/site\/wp-json\/wp\/v2\/comments?post=6222"}],"version-history":[{"count":1,"href":"https:\/\/jm-metropole.com.br\/site\/wp-json\/wp\/v2\/posts\/6222\/revisions"}],"predecessor-version":[{"id":6224,"href":"https:\/\/jm-metropole.com.br\/site\/wp-json\/wp\/v2\/posts\/6222\/revisions\/6224"}],"wp:featuredmedia":[{"embeddable":true,"href":"https:\/\/jm-metropole.com.br\/site\/wp-json\/wp\/v2\/media\/6223"}],"wp:attachment":[{"href":"https:\/\/jm-metropole.com.br\/site\/wp-json\/wp\/v2\/media?parent=6222"}],"wp:term":[{"taxonomy":"category","embeddable":true,"href":"https:\/\/jm-metropole.com.br\/site\/wp-json\/wp\/v2\/categories?post=6222"},{"taxonomy":"post_tag","embeddable":true,"href":"https:\/\/jm-metropole.com.br\/site\/wp-json\/wp\/v2\/tags?post=6222"}],"curies":[{"name":"wp","href":"https:\/\/api.w.org\/{rel}","templated":true}]}}