{"id":6219,"date":"2023-02-08T14:48:16","date_gmt":"2023-02-08T17:48:16","guid":{"rendered":"https:\/\/jm-metropole.com.br\/site\/?p=6219"},"modified":"2023-02-08T14:48:16","modified_gmt":"2023-02-08T17:48:16","slug":"van-do-cadunico-comeca-a-atender-na-upa-cumbica-na-proxima-segunda-feira","status":"publish","type":"post","link":"https:\/\/jm-metropole.com.br\/site\/van-do-cadunico-comeca-a-atender-na-upa-cumbica-na-proxima-segunda-feira\/","title":{"rendered":"Van do Cad\u00danico come\u00e7a a atender na UPA Cumbica na pr\u00f3xima\u00a0segunda-feira"},"content":{"rendered":"<p>A Van do Cad\u00danico atender\u00e1 a popula\u00e7\u00e3o na UPA Cumbica, instalada na rua dos Jesu\u00edtas, 533, entre os dias 13 (segunda-feira) e\u00a023 de fevereiro.\u00a0No local a popula\u00e7\u00e3o poder\u00e1 buscar atendimento de\u00a0segunda\u00a0a\u00a0sexta-feira, das 9h \u00e0s 16h, sendo que diariamente ser\u00e3o entregues 60 senhas aos interessados.<\/p>\n<p>O equipamento oferece informa\u00e7\u00f5es e a realiza\u00e7\u00e3o de novas inscri\u00e7\u00f5es no Cadastro \u00danico para Programas Sociais (Cad\u00danico), por meio do qual \u00e9 poss\u00edvel acessar benef\u00edcios como Aux\u00edlio Brasil, Tarifa Social de Energia El\u00e9trica, Carteira do Idoso, BPC-Loas, Viva Leite, ID Jovem e Casa Verde e Amarela. Tamb\u00e9m ser\u00e1 poss\u00edvel atualizar o cadastro com endere\u00e7o, telefone, email e renda.<\/p>\n<p>Para obter atendimento no local os adultos dever\u00e3o apresentar RG, CPF, Certid\u00e3o de Casamento, Carteira de Trabalho f\u00edsica ou digital (CTPS), \u00faltimo holerite, caso tenha registro na carteira, T\u00edtulo Eleitoral e comprovante de endere\u00e7o (de prefer\u00eancia conta de luz), mesmo que n\u00e3o esteja no nome.<br \/>\nJ\u00e1 para o registro de crian\u00e7as e adolescentes devem ser apresentados RG, CPF, Certid\u00e3o de Nascimento, o nome da escola e da s\u00e9rie que cursam.<\/p>\n","protected":false},"excerpt":{"rendered":"<p>A Van do Cad\u00danico atender\u00e1 a popula\u00e7\u00e3o na UPA Cumbica, instalada na rua dos Jesu\u00edtas, 533, entre os dias 13 (segunda-feira) e\u00a023 de fevereiro.\u00a0No local a popula\u00e7\u00e3o poder\u00e1 buscar atendimento de\u00a0segunda\u00a0a\u00a0sexta-feira, das 9h \u00e0s 16h, sendo que diariamente ser\u00e3o entregues 60 senhas aos interessados. O equipamento oferece informa\u00e7\u00f5es e a realiza\u00e7\u00e3o de novas inscri\u00e7\u00f5es no [&hellip;]<\/p>\n","protected":false},"author":1,"featured_media":6220,"comment_status":"open","ping_status":"open","sticky":false,"template":"","format":"standard","meta":{"footnotes":""},"categories":[3],"tags":[],"class_list":{"0":"post-6219","1":"post","2":"type-post","3":"status-publish","4":"format-standard","5":"has-post-thumbnail","7":"category-guarulhos"},"_links":{"self":[{"href":"https:\/\/jm-metropole.com.br\/site\/wp-json\/wp\/v2\/posts\/6219","targetHints":{"allow":["GET"]}}],"collection":[{"href":"https:\/\/jm-metropole.com.br\/site\/wp-json\/wp\/v2\/posts"}],"about":[{"href":"https:\/\/jm-metropole.com.br\/site\/wp-json\/wp\/v2\/types\/post"}],"author":[{"embeddable":true,"href":"https:\/\/jm-metropole.com.br\/site\/wp-json\/wp\/v2\/users\/1"}],"replies":[{"embeddable":true,"href":"https:\/\/jm-metropole.com.br\/site\/wp-json\/wp\/v2\/comments?post=6219"}],"version-history":[{"count":1,"href":"https:\/\/jm-metropole.com.br\/site\/wp-json\/wp\/v2\/posts\/6219\/revisions"}],"predecessor-version":[{"id":6221,"href":"https:\/\/jm-metropole.com.br\/site\/wp-json\/wp\/v2\/posts\/6219\/revisions\/6221"}],"wp:featuredmedia":[{"embeddable":true,"href":"https:\/\/jm-metropole.com.br\/site\/wp-json\/wp\/v2\/media\/6220"}],"wp:attachment":[{"href":"https:\/\/jm-metropole.com.br\/site\/wp-json\/wp\/v2\/media?parent=6219"}],"wp:term":[{"taxonomy":"category","embeddable":true,"href":"https:\/\/jm-metropole.com.br\/site\/wp-json\/wp\/v2\/categories?post=6219"},{"taxonomy":"post_tag","embeddable":true,"href":"https:\/\/jm-metropole.com.br\/site\/wp-json\/wp\/v2\/tags?post=6219"}],"curies":[{"name":"wp","href":"https:\/\/api.w.org\/{rel}","templated":true}]}}