{"id":6213,"date":"2023-02-08T05:34:21","date_gmt":"2023-02-08T08:34:21","guid":{"rendered":"https:\/\/jm-metropole.com.br\/site\/?p=6213"},"modified":"2023-02-08T05:34:21","modified_gmt":"2023-02-08T08:34:21","slug":"flamengo-apresenta-o-planejamento-para-2023-e-abre-espaco-para-acoes-sociais","status":"publish","type":"post","link":"https:\/\/jm-metropole.com.br\/site\/flamengo-apresenta-o-planejamento-para-2023-e-abre-espaco-para-acoes-sociais\/","title":{"rendered":"Flamengo apresenta o planejamento para 2023 e abre espa\u00e7o para a\u00e7\u00f5es sociais"},"content":{"rendered":"<p>Na noite desta\u00a0segunda-feira (6) a Associa\u00e7\u00e3o Atl\u00e9tica Flamengo realizou uma coletiva de imprensa para apresentar seu planejamento para a temporada 2023, em que participar\u00e1 da\u00a0segunda\u00a0divis\u00e3o do Campeonato Paulista. Na oportunidade o prefeito Guti, acompanhado do presidente da C\u00e2mara Municipal, Ticiano Americano, recebeu a informa\u00e7\u00e3o de que o clube abrir\u00e1 cem vagas para inicia\u00e7\u00e3o esportiva para a comunidade.<br \/>\nO Flamengo anunciou ainda a comiss\u00e3o t\u00e9cnica que estar\u00e1 \u00e0 frente da categoria profissional no Campeonato Paulista, que come\u00e7a em abril. Foram oficialmente apresentados o t\u00e9cnico Augusto Ambrogi, o preparador f\u00edsico Cristiano Vieira e o auxiliar t\u00e9cnico Giovani Rodrigo, al\u00e9m do novo refor\u00e7o da equipe, Jonathan Schuttz Flores, ex-jogador do Internacional e do Palmeiras.<br \/>\nDentre as novidades para o ano o clube destacou a Flamengo Guarulhos Academy, as reformas no est\u00e1dio Antonio Soares de Oliveira e o lan\u00e7amento das escolas feminina e de goleiros. Neste in\u00edcio de ano foram feitas mais de 500 inscri\u00e7\u00f5es de meninos de oito a 15 anos para avalia\u00e7\u00e3o, todas realizadas por professores do clube e por t\u00e9cnicos das respectivas categorias. O clube ainda prestou contas da temporada do ano passado, que se encerrou com a Copa S\u00e3o Paulo de Futebol J\u00fanior.<br \/>\nVagas para atendimento social<br \/>\nGuti parabenizou a equipe por todo o trabalho que tem sido desenvolvido e falou sobre o apoio ao clube. \u201cO que n\u00f3s podemos fazer temos feito para ajudar o Flamengo, mas sabemos que ainda n\u00e3o \u00e9 o suficiente para que consiga disputar com os melhores do Brasil. Recurso\u00a0(financeiro)\u00a0de fato a cidade n\u00e3o pode aplicar, mas contribu\u00edmos das formas poss\u00edveis\u201d.<\/p>\n<p>Al\u00e9m disso, Guti falou sobre a contrapartida por todo esse empenho em ajudar a equipe. \u201cEu pe\u00e7o uma colabora\u00e7\u00e3o, uma parceria, para a cidade de Guarulhos: o que voc\u00eas puderem fazer pela inicia\u00e7\u00e3o esportiva e pela base sempre vai ser muito bem-vindo\u201d.<\/p>\n<p>Durante a coletiva, Caio Soler, presidente do Flamengo, atendeu ao pedido do prefeito e firmou o compromisso de disponibilizar vagas sociais como contrapartida ao apoio recebido durante a Copa S\u00e3o Paulo e \u00e0s demais contribui\u00e7\u00f5es que a Prefeitura tem feito ao clube.<\/p>\n<p>\u201cLan\u00e7amos\u00a0hoje\u00a0a Flamengo Guarulhos Academy e, como contrapartida a todo o apoio, estamos abrindo cem vagas para atendimento social, que vamos conduzir da melhor maneira poss\u00edvel, determinando junto \u00e0s secretarias de Esporte e Lazer e Educa\u00e7\u00e3o qual ser\u00e1 o crit\u00e9rio, mas colocamos \u00e0 disposi\u00e7\u00e3o toda a estrutura, incluindo campo, est\u00e1dio, professores e nossa metodologia\u201d, comentou Soler.<\/p>\n<p>O diretor de Marketing do clube, Lucas Bricker, tamb\u00e9m falou dos pr\u00f3ximos passos para trazer o p\u00fablico para o est\u00e1dio nos jogos do time profissional do Corvo, e tamb\u00e9m da venda de camisas do Flamengo para a torcida feminina. Bricker ainda pontuou que durante temporada de 2023 o clube\u00a0ter\u00e1 a marca da cidade em seu uniforme. \u201cNeste ano inteiro, e espero que nos pr\u00f3ximos tamb\u00e9m, o Flamengo ir\u00e1 jogar com uma marca da cidade na parte de tr\u00e1s da camisa. Vamos levar o nome de Guarulhos por onde estivermos e acho que isso \u00e9 importante, pois al\u00e9m de demonstrar que somos um time daqui, mostra que realmente estamos com a cidade\u201d, explicou.<\/p>\n<p>A equipe do Flamengo se apresenta para come\u00e7ar sua prepara\u00e7\u00e3o para a temporada 2023 nesta\u00a0ter\u00e7a-feira (7), \u00e0s 9h, no est\u00e1dio Antonio Soares de Oliveira.<\/p>\n<p>Foto: N\u00edcollas Ornelas\/PMG<\/p>\n","protected":false},"excerpt":{"rendered":"<p>Na noite desta\u00a0segunda-feira (6) a Associa\u00e7\u00e3o Atl\u00e9tica Flamengo realizou uma coletiva de imprensa para apresentar seu planejamento para a temporada 2023, em que participar\u00e1 da\u00a0segunda\u00a0divis\u00e3o do Campeonato Paulista. Na oportunidade o prefeito Guti, acompanhado do presidente da C\u00e2mara Municipal, Ticiano Americano, recebeu a informa\u00e7\u00e3o de que o clube abrir\u00e1 cem vagas para inicia\u00e7\u00e3o esportiva para [&hellip;]<\/p>\n","protected":false},"author":1,"featured_media":6214,"comment_status":"open","ping_status":"open","sticky":false,"template":"","format":"standard","meta":{"footnotes":""},"categories":[3],"tags":[],"class_list":{"0":"post-6213","1":"post","2":"type-post","3":"status-publish","4":"format-standard","5":"has-post-thumbnail","7":"category-guarulhos"},"_links":{"self":[{"href":"https:\/\/jm-metropole.com.br\/site\/wp-json\/wp\/v2\/posts\/6213","targetHints":{"allow":["GET"]}}],"collection":[{"href":"https:\/\/jm-metropole.com.br\/site\/wp-json\/wp\/v2\/posts"}],"about":[{"href":"https:\/\/jm-metropole.com.br\/site\/wp-json\/wp\/v2\/types\/post"}],"author":[{"embeddable":true,"href":"https:\/\/jm-metropole.com.br\/site\/wp-json\/wp\/v2\/users\/1"}],"replies":[{"embeddable":true,"href":"https:\/\/jm-metropole.com.br\/site\/wp-json\/wp\/v2\/comments?post=6213"}],"version-history":[{"count":1,"href":"https:\/\/jm-metropole.com.br\/site\/wp-json\/wp\/v2\/posts\/6213\/revisions"}],"predecessor-version":[{"id":6215,"href":"https:\/\/jm-metropole.com.br\/site\/wp-json\/wp\/v2\/posts\/6213\/revisions\/6215"}],"wp:featuredmedia":[{"embeddable":true,"href":"https:\/\/jm-metropole.com.br\/site\/wp-json\/wp\/v2\/media\/6214"}],"wp:attachment":[{"href":"https:\/\/jm-metropole.com.br\/site\/wp-json\/wp\/v2\/media?parent=6213"}],"wp:term":[{"taxonomy":"category","embeddable":true,"href":"https:\/\/jm-metropole.com.br\/site\/wp-json\/wp\/v2\/categories?post=6213"},{"taxonomy":"post_tag","embeddable":true,"href":"https:\/\/jm-metropole.com.br\/site\/wp-json\/wp\/v2\/tags?post=6213"}],"curies":[{"name":"wp","href":"https:\/\/api.w.org\/{rel}","templated":true}]}}