{"id":6207,"date":"2023-02-08T05:22:23","date_gmt":"2023-02-08T08:22:23","guid":{"rendered":"https:\/\/jm-metropole.com.br\/site\/?p=6207"},"modified":"2023-02-08T05:22:23","modified_gmt":"2023-02-08T08:22:23","slug":"governador-tarcisio-de-freitas-se-reune-com-ministro-da-fazenda-em-brasilia","status":"publish","type":"post","link":"https:\/\/jm-metropole.com.br\/site\/governador-tarcisio-de-freitas-se-reune-com-ministro-da-fazenda-em-brasilia\/","title":{"rendered":"Governador Tarc\u00edsio de Freitas se re\u00fane com ministro da Fazenda, em Bras\u00edlia"},"content":{"rendered":"<p>O impacto da redu\u00e7\u00e3o das al\u00edquotas de ICMS foi uma das pautas da reuni\u00e3o, que contou com a participa\u00e7\u00e3o de outros quatro governadores<\/p>\n<p>O Governador de S\u00e3o Paulo, Tarc\u00edsio de Freitas se reuniu nesta ter\u00e7a-feira (7), em Bras\u00edlia, com o ministro da Fazenda, Fernando Haddad. No encontro, governador e ministro debateram sobre diversos temas, dentre eles as leis complementares 192 e 194\/22, que resultaram na diminui\u00e7\u00e3o da al\u00edquota do Imposto sobre Circula\u00e7\u00e3o de Mercadorias e Servi\u00e7os (ICMS) sobre combust\u00edveis, energia e telecomunica\u00e7\u00f5es.<\/p>\n<p>Os governadores Rafael Fonteles, do Piau\u00ed (coordenador do grupo de trabalho do F\u00f3rum Nacional de Governadores); Wilson Lima, do Amazonas; Renato Casagrande, do Esp\u00edrito Santo; Carlos Brand\u00e3o, do Maranh\u00e3o e Eduardo Leite, do Rio Grande do Sul, al\u00e9m do Secret\u00e1rio da Fazenda paulista, Samuel Kinoshita, tamb\u00e9m participaram da reuni\u00e3o.<\/p>\n<p>No ano passado, o Governo Federal aprovou mudan\u00e7as relativas ao tributo estadual, como resposta \u00e0 disparada de pre\u00e7os provocada pela pandemia de Covid-19. A al\u00edquota foi unificada e impactou diretamente a receita dos Estados. O objetivo dos governadores no encontro foi apresentar ao ministro e aos representantes do Tesouro quest\u00f5es essenciais ao equil\u00edbrio fiscal dos Estados.<\/p>\n<p>Depois da reuni\u00e3o, o governador Tarc\u00edsio de Freitas seguiu para o Supremo Tribunal Federal (STF), onde se reuniu com alguns ministros da corte.<\/p>\n","protected":false},"excerpt":{"rendered":"<p>O impacto da redu\u00e7\u00e3o das al\u00edquotas de ICMS foi uma das pautas da reuni\u00e3o, que contou com a participa\u00e7\u00e3o de outros quatro governadores O Governador de S\u00e3o Paulo, Tarc\u00edsio de Freitas se reuniu nesta ter\u00e7a-feira (7), em Bras\u00edlia, com o ministro da Fazenda, Fernando Haddad. No encontro, governador e ministro debateram sobre diversos temas, dentre [&hellip;]<\/p>\n","protected":false},"author":1,"featured_media":5622,"comment_status":"open","ping_status":"open","sticky":false,"template":"","format":"standard","meta":{"footnotes":""},"categories":[48],"tags":[],"class_list":{"0":"post-6207","1":"post","2":"type-post","3":"status-publish","4":"format-standard","5":"has-post-thumbnail","7":"category-geral"},"_links":{"self":[{"href":"https:\/\/jm-metropole.com.br\/site\/wp-json\/wp\/v2\/posts\/6207","targetHints":{"allow":["GET"]}}],"collection":[{"href":"https:\/\/jm-metropole.com.br\/site\/wp-json\/wp\/v2\/posts"}],"about":[{"href":"https:\/\/jm-metropole.com.br\/site\/wp-json\/wp\/v2\/types\/post"}],"author":[{"embeddable":true,"href":"https:\/\/jm-metropole.com.br\/site\/wp-json\/wp\/v2\/users\/1"}],"replies":[{"embeddable":true,"href":"https:\/\/jm-metropole.com.br\/site\/wp-json\/wp\/v2\/comments?post=6207"}],"version-history":[{"count":1,"href":"https:\/\/jm-metropole.com.br\/site\/wp-json\/wp\/v2\/posts\/6207\/revisions"}],"predecessor-version":[{"id":6208,"href":"https:\/\/jm-metropole.com.br\/site\/wp-json\/wp\/v2\/posts\/6207\/revisions\/6208"}],"wp:featuredmedia":[{"embeddable":true,"href":"https:\/\/jm-metropole.com.br\/site\/wp-json\/wp\/v2\/media\/5622"}],"wp:attachment":[{"href":"https:\/\/jm-metropole.com.br\/site\/wp-json\/wp\/v2\/media?parent=6207"}],"wp:term":[{"taxonomy":"category","embeddable":true,"href":"https:\/\/jm-metropole.com.br\/site\/wp-json\/wp\/v2\/categories?post=6207"},{"taxonomy":"post_tag","embeddable":true,"href":"https:\/\/jm-metropole.com.br\/site\/wp-json\/wp\/v2\/tags?post=6207"}],"curies":[{"name":"wp","href":"https:\/\/api.w.org\/{rel}","templated":true}]}}