{"id":6205,"date":"2023-02-08T05:20:22","date_gmt":"2023-02-08T08:20:22","guid":{"rendered":"https:\/\/jm-metropole.com.br\/site\/?p=6205"},"modified":"2023-02-08T05:20:22","modified_gmt":"2023-02-08T08:20:22","slug":"governo-de-sao-paulo-cria-grupo-de-trabalho-para-dar-inicio-a-reforma-administrativa","status":"publish","type":"post","link":"https:\/\/jm-metropole.com.br\/site\/governo-de-sao-paulo-cria-grupo-de-trabalho-para-dar-inicio-a-reforma-administrativa\/","title":{"rendered":"Governo de S\u00e3o Paulo cria Grupo de Trabalho para dar in\u00edcio a Reforma Administrativa"},"content":{"rendered":"<p>Objetivo \u00e9 modernizar a gest\u00e3o p\u00fablica estadual<\/p>\n<p>O Governo de S\u00e3o Paulo criou o Grupo de Trabalho Intersecretarial para elaborar estudos e apresentar propostas de reorganiza\u00e7\u00e3o e aperfei\u00e7oamento da pol\u00edtica de gest\u00e3o de pessoas em todas as secretarias e \u00f3rg\u00e3os da administra\u00e7\u00e3o p\u00fablica.<\/p>\n<p>Coordenado pela Secretaria da Casa Civil, o Grupo de Trabalho foi institu\u00eddo por meio do Decreto 67.473, publicado no Di\u00e1rio Oficial do Estado, nesta ter\u00e7a-feira (7).<\/p>\n<p>A nova equipe ser\u00e1 integrada por representantes da Casa Civil e das Secretarias da Fazenda e Planejamento, de Gest\u00e3o e Governo Digital e da Procuradoria Geral do Estado. Durante o desenvolvimento dos trabalhos, representantes de outras secretarias e \u00f3rg\u00e3os estaduais ser\u00e3o convidados a participar e contribuir para a discuss\u00e3o das mat\u00e9rias em exame.<\/p>\n<p>A constitui\u00e7\u00e3o do Grupo de Trabalho d\u00e1 in\u00edcio \u00e0 proposta de reorganiza\u00e7\u00e3o administrativa do estado, visando \u00e0 moderniza\u00e7\u00e3o dos processos e das estruturas organizacionais de cada pasta, alcan\u00e7ando a padroniza\u00e7\u00e3o e eliminando eventuais distor\u00e7\u00f5es.<\/p>\n","protected":false},"excerpt":{"rendered":"<p>Objetivo \u00e9 modernizar a gest\u00e3o p\u00fablica estadual O Governo de S\u00e3o Paulo criou o Grupo de Trabalho Intersecretarial para elaborar estudos e apresentar propostas de reorganiza\u00e7\u00e3o e aperfei\u00e7oamento da pol\u00edtica de gest\u00e3o de pessoas em todas as secretarias e \u00f3rg\u00e3os da administra\u00e7\u00e3o p\u00fablica. Coordenado pela Secretaria da Casa Civil, o Grupo de Trabalho foi institu\u00eddo [&hellip;]<\/p>\n","protected":false},"author":1,"featured_media":6146,"comment_status":"open","ping_status":"open","sticky":false,"template":"","format":"standard","meta":{"footnotes":""},"categories":[48],"tags":[],"class_list":{"0":"post-6205","1":"post","2":"type-post","3":"status-publish","4":"format-standard","5":"has-post-thumbnail","7":"category-geral"},"_links":{"self":[{"href":"https:\/\/jm-metropole.com.br\/site\/wp-json\/wp\/v2\/posts\/6205","targetHints":{"allow":["GET"]}}],"collection":[{"href":"https:\/\/jm-metropole.com.br\/site\/wp-json\/wp\/v2\/posts"}],"about":[{"href":"https:\/\/jm-metropole.com.br\/site\/wp-json\/wp\/v2\/types\/post"}],"author":[{"embeddable":true,"href":"https:\/\/jm-metropole.com.br\/site\/wp-json\/wp\/v2\/users\/1"}],"replies":[{"embeddable":true,"href":"https:\/\/jm-metropole.com.br\/site\/wp-json\/wp\/v2\/comments?post=6205"}],"version-history":[{"count":1,"href":"https:\/\/jm-metropole.com.br\/site\/wp-json\/wp\/v2\/posts\/6205\/revisions"}],"predecessor-version":[{"id":6206,"href":"https:\/\/jm-metropole.com.br\/site\/wp-json\/wp\/v2\/posts\/6205\/revisions\/6206"}],"wp:featuredmedia":[{"embeddable":true,"href":"https:\/\/jm-metropole.com.br\/site\/wp-json\/wp\/v2\/media\/6146"}],"wp:attachment":[{"href":"https:\/\/jm-metropole.com.br\/site\/wp-json\/wp\/v2\/media?parent=6205"}],"wp:term":[{"taxonomy":"category","embeddable":true,"href":"https:\/\/jm-metropole.com.br\/site\/wp-json\/wp\/v2\/categories?post=6205"},{"taxonomy":"post_tag","embeddable":true,"href":"https:\/\/jm-metropole.com.br\/site\/wp-json\/wp\/v2\/tags?post=6205"}],"curies":[{"name":"wp","href":"https:\/\/api.w.org\/{rel}","templated":true}]}}