{"id":6190,"date":"2023-02-08T04:25:21","date_gmt":"2023-02-08T07:25:21","guid":{"rendered":"https:\/\/jm-metropole.com.br\/site\/?p=6190"},"modified":"2023-02-08T04:25:21","modified_gmt":"2023-02-08T07:25:21","slug":"atendimento-do-samu-de-suzano-ganha-apoio-de-academicos-de-medicina","status":"publish","type":"post","link":"https:\/\/jm-metropole.com.br\/site\/atendimento-do-samu-de-suzano-ganha-apoio-de-academicos-de-medicina\/","title":{"rendered":"Atendimento do Samu de Suzano ganha apoio de acad\u00eamicos de Medicina"},"content":{"rendered":"<p dir=\"ltr\">Coopera\u00e7\u00e3o t\u00e9cnica entre a prefeitura e a Uninove permitir\u00e1 que estudantes do 5\u00ba ano sejam orientados sobre o processo de regula\u00e7\u00e3o do servi\u00e7o<\/p>\n<p dir=\"ltr\">O secret\u00e1rio de Sa\u00fade, Pedro Ishi, recebeu nesta segunda-feira (06\/02) os alunos de Medicina da Universidade Nove de Julho (Uninove) de Guarulhos, na sede do Servi\u00e7o de Atendimento M\u00f3vel de Urg\u00eancia (Samu), localizado na avenida Governador M\u00e1rio Covas, a Marginal do Una, no bairro Vila Amorim, para dar in\u00edcio ao Acordo de Coopera\u00e7\u00e3o T\u00e9cnica firmado em 2022 entre a Prefeitura de Suzano e a institui\u00e7\u00e3o de ensino superior. A iniciativa, in\u00e9dita no munic\u00edpio, permitir\u00e1 aos estudantes do 5\u00ba ano um est\u00e1gio (internato) no Samu. Ser\u00e3o organizadas at\u00e9 junho turmas de seis pessoas, que acompanhar\u00e3o durante duas semanas e meia o processo de regula\u00e7\u00e3o do servi\u00e7o.<\/p>\n<p dir=\"ltr\">Al\u00e9m do chefe da pasta, estiveram presentes na recep\u00e7\u00e3o a diretora da Rede de Urg\u00eancia e Emerg\u00eancia (RUE), Cintia Steffens Watanabe; o coordenador da RUE, Matheus Miyake Pompeo; a gestora do Instituto Nacional de Tecnologia e Sa\u00fade (INTS), Joyce Moreira; a coordenadora do Samu, Giselda Rodrigues; e o coordenador m\u00e9dico do Samu, Helder Takeo.<\/p>\n<p dir=\"ltr\">A Secretaria de Sa\u00fade garantir\u00e1 aos alunos o acompanhamento t\u00e9cnico nas tarefas rotineiras do Samu. Um grupo de instrutores (preceptores), formado por m\u00e9dicos e enfermeiros do setor, orientar\u00e3o os estudantes sobre as atividades relacionadas ao processo de regula\u00e7\u00e3o e o objetivo \u00e9 desenvolver a capacidade de tomada de decis\u00e3o no momento do recebimento das chamadas. Ser\u00e1 apresentado aos estudantes como \u00e9 feita a avalia\u00e7\u00e3o cl\u00ednica para cada demanda, refinando o conhecimento sobre o que deve ser definido para cada atendimento, como por exemplo, a quantidade e a especialidade dos profissionais que devem ser deslocados para os servi\u00e7os.<\/p>\n<p dir=\"ltr\">A coordenadora em Educa\u00e7\u00e3o Permanente de Sa\u00fade e Pol\u00edtica de Integra\u00e7\u00e3o Ensino-Servi\u00e7o da Prefeitura de Suzano, Sandra Cardoso, afirmou que a parceria promover\u00e1 benef\u00edcios tanto para os estudantes, quanto para os profissionais de sa\u00fade que atuam no setor. \u201cS\u00e3o duas vias que explicam a import\u00e2ncia da iniciativa: uma \u00e9 mostrar a fun\u00e7\u00e3o do Sistema \u00danico de Sa\u00fade (SUS) e contribuir com a forma\u00e7\u00e3o dos futuros profissionais, desenvolvendo neles o interesse e o compromisso social para atuar na regi\u00e3o. A outra \u00e9 a maneira como a universidade pode colaborar com a atualiza\u00e7\u00e3o dos conhecimentos dos profissionais de sa\u00fade que j\u00e1 atuam no SUS. A universidade agrega dados que podem contribuir para aumentar a qualidade dos servi\u00e7os e melhorar o atendimento\u201d, avaliou a coordenadora.<\/p>\n<p dir=\"ltr\">Para o secret\u00e1rio Pedro Ishi, \u00e9 fundamental intensificar a conex\u00e3o dos graduandos em Medicina com as diretrizes do SUS. \u201cA proposta segue na dire\u00e7\u00e3o do fortalecimento da renova\u00e7\u00e3o das pr\u00e1ticas cotidianas, da constru\u00e7\u00e3o compartilhada de novos saberes e da forma\u00e7\u00e3o de profissionais para as pol\u00edticas p\u00fablicas de sa\u00fade. Ser\u00e3o promovidas discuss\u00f5es dos casos cl\u00ednicos com os m\u00e9dicos e enfermeiros, o que contribuir\u00e1 para a consolida\u00e7\u00e3o do conhecimento dos estudantes sobre\u00a0 Medicina e sobre a realidade do SUS. Nosso trabalho de educa\u00e7\u00e3o permanente agrega experi\u00eancia e valores a quem participa\u201d, pontuou o chefe da pasta. Ap\u00f3s o Samu, o grupo de estudantes ainda ir\u00e1 participar da rotina da Aten\u00e7\u00e3o B\u00e1sica e do Pronto-Socorro Municipal.<\/p>\n<p>&nbsp;<\/p>\n<p dir=\"ltr\">Cr\u00e9dito das fotos: Glaucia Paulino\/Secop Suzano<\/p>\n","protected":false},"excerpt":{"rendered":"<p>Coopera\u00e7\u00e3o t\u00e9cnica entre a prefeitura e a Uninove permitir\u00e1 que estudantes do 5\u00ba ano sejam orientados sobre o processo de regula\u00e7\u00e3o do servi\u00e7o O secret\u00e1rio de Sa\u00fade, Pedro Ishi, recebeu nesta segunda-feira (06\/02) os alunos de Medicina da Universidade Nove de Julho (Uninove) de Guarulhos, na sede do Servi\u00e7o de Atendimento M\u00f3vel de Urg\u00eancia (Samu), [&hellip;]<\/p>\n","protected":false},"author":1,"featured_media":6191,"comment_status":"open","ping_status":"open","sticky":false,"template":"","format":"standard","meta":{"footnotes":""},"categories":[9],"tags":[],"class_list":{"0":"post-6190","1":"post","2":"type-post","3":"status-publish","4":"format-standard","5":"has-post-thumbnail","7":"category-suzano"},"_links":{"self":[{"href":"https:\/\/jm-metropole.com.br\/site\/wp-json\/wp\/v2\/posts\/6190","targetHints":{"allow":["GET"]}}],"collection":[{"href":"https:\/\/jm-metropole.com.br\/site\/wp-json\/wp\/v2\/posts"}],"about":[{"href":"https:\/\/jm-metropole.com.br\/site\/wp-json\/wp\/v2\/types\/post"}],"author":[{"embeddable":true,"href":"https:\/\/jm-metropole.com.br\/site\/wp-json\/wp\/v2\/users\/1"}],"replies":[{"embeddable":true,"href":"https:\/\/jm-metropole.com.br\/site\/wp-json\/wp\/v2\/comments?post=6190"}],"version-history":[{"count":1,"href":"https:\/\/jm-metropole.com.br\/site\/wp-json\/wp\/v2\/posts\/6190\/revisions"}],"predecessor-version":[{"id":6192,"href":"https:\/\/jm-metropole.com.br\/site\/wp-json\/wp\/v2\/posts\/6190\/revisions\/6192"}],"wp:featuredmedia":[{"embeddable":true,"href":"https:\/\/jm-metropole.com.br\/site\/wp-json\/wp\/v2\/media\/6191"}],"wp:attachment":[{"href":"https:\/\/jm-metropole.com.br\/site\/wp-json\/wp\/v2\/media?parent=6190"}],"wp:term":[{"taxonomy":"category","embeddable":true,"href":"https:\/\/jm-metropole.com.br\/site\/wp-json\/wp\/v2\/categories?post=6190"},{"taxonomy":"post_tag","embeddable":true,"href":"https:\/\/jm-metropole.com.br\/site\/wp-json\/wp\/v2\/tags?post=6190"}],"curies":[{"name":"wp","href":"https:\/\/api.w.org\/{rel}","templated":true}]}}