{"id":6176,"date":"2023-02-08T04:01:21","date_gmt":"2023-02-08T07:01:21","guid":{"rendered":"https:\/\/jm-metropole.com.br\/site\/?p=6176"},"modified":"2023-02-08T04:01:21","modified_gmt":"2023-02-08T07:01:21","slug":"ultimos-ajustes-educacao-de-guararema-finaliza-preparativos-para-retorno-das-aulas-na-rede-municipal","status":"publish","type":"post","link":"https:\/\/jm-metropole.com.br\/site\/ultimos-ajustes-educacao-de-guararema-finaliza-preparativos-para-retorno-das-aulas-na-rede-municipal\/","title":{"rendered":"\u00daltimos ajustes: Educa\u00e7\u00e3o de Guararema finaliza preparativos para retorno das aulas na Rede Municipal"},"content":{"rendered":"<p>Detalhes finais antes do retorno dos alunos: montagem dos kits de materiais e uniformes escolares, tudo organizado em sacolas personalizadas<\/p>\n<p>A Secretaria Municipal de Educa\u00e7\u00e3o de Guararema encerrou nesta ter\u00e7a-feira (07) os preparativos para o retorno das aulas nas 25 escolas municipais do munic\u00edpio.<br \/>\nOs \u00faltimos trabalhos antes do retorno dos cerca de 3,7 mil alunos se deram principalmente na organiza\u00e7\u00e3o dos kits dos materiais escolares e das sacolas personalizadas, com uniformes e folders informativos.<\/p>\n<p>Os alunos receber\u00e3o um kit de material escolar, sendo sua composi\u00e7\u00e3o diferente conforme a etapa escolar, al\u00e9m dos livros do Sistema de Ensino \u201cSolu\u00e7\u00f5es Educacionais Transformadoras\u201d (SET). Cadernos, livros, canetas e l\u00e1pis comp\u00f5em o kit. Vale lembrar que a Rede Municipal de Ensino atende a Educa\u00e7\u00e3o Infantil e o Ensino Fundamental &#8211; Ciclo I, com alunos de 6 meses at\u00e9 11 anos.<\/p>\n<p>Nos folders que acompanham o kit de material e uniforme muita informa\u00e7\u00e3o est\u00e1 inserida. A descri\u00e7\u00e3o dos materiais que v\u00e3o ser entregues, curiosidades sobre o retorno das aulas, o planejamento das atividades do ano letivo e outras informa\u00e7\u00f5es pertinentes.<br \/>\nE se engana quem pensa que o trabalho pr\u00e9vio para a retomada das aulas \u00e9 iniciado dias antes do retorno. Limpeza e manuten\u00e7\u00e3o predial, organiza\u00e7\u00e3o dos espa\u00e7os, conserto e reposi\u00e7\u00e3o de equipamentos, elabora\u00e7\u00e3o do calend\u00e1rio, planejamento de atividades de forma\u00e7\u00e3o continuada para os profissionais e muitas outras a\u00e7\u00f5es come\u00e7aram a ser executadas ainda ano letivo anterior. Para isso, professores, auxiliares, assistentes e equipes gestoras j\u00e1 retornaram de suas f\u00e9rias escolares antecipadamente para deixar tudo pronto para receber os alunos deste ano letivo.<\/p>\n<p>O prefeito de Guararema, Z\u00e9, esteve em algumas unidades de Ensino nesta ter\u00e7a-feira (07) acompanhando os \u00faltimos ajustes para o retorno do ano letivo e verificando cada detalhe para o retorno das aulas.<\/p>\n<p>\u201cTemos um carinho e uma aten\u00e7\u00e3o muito grande com a Educa\u00e7\u00e3o de Guararema, que \u00e9 reconhecida como sendo uma das melhores da regi\u00e3o e de todo o Estado de S\u00e3o Paulo. E n\u00e3o \u00e9 para menos, o grande trabalho feito pela Secretaria de Educa\u00e7\u00e3o, por meio de todos os profissionais, \u00e9 refletido no bom aprendizado das crian\u00e7as\u201d, disse o prefeito Z\u00e9. \u201cEstou muito animado para o retorno das aulas neste ano e certo de que vamos contribuir para a aprendizagem das crian\u00e7as de Guararema\u201d, completou.<\/p>\n<p>O retorno das aulas est\u00e1 marcado para esta quarta-feira (08), tanto para a Educa\u00e7\u00e3o Infantil quanto para o Ensino Fundamental.<\/p>\n","protected":false},"excerpt":{"rendered":"<p>Detalhes finais antes do retorno dos alunos: montagem dos kits de materiais e uniformes escolares, tudo organizado em sacolas personalizadas A Secretaria Municipal de Educa\u00e7\u00e3o de Guararema encerrou nesta ter\u00e7a-feira (07) os preparativos para o retorno das aulas nas 25 escolas municipais do munic\u00edpio. Os \u00faltimos trabalhos antes do retorno dos cerca de 3,7 mil [&hellip;]<\/p>\n","protected":false},"author":1,"featured_media":6177,"comment_status":"open","ping_status":"open","sticky":false,"template":"","format":"standard","meta":{"footnotes":""},"categories":[8],"tags":[],"class_list":{"0":"post-6176","1":"post","2":"type-post","3":"status-publish","4":"format-standard","5":"has-post-thumbnail","7":"category-guararema"},"_links":{"self":[{"href":"https:\/\/jm-metropole.com.br\/site\/wp-json\/wp\/v2\/posts\/6176","targetHints":{"allow":["GET"]}}],"collection":[{"href":"https:\/\/jm-metropole.com.br\/site\/wp-json\/wp\/v2\/posts"}],"about":[{"href":"https:\/\/jm-metropole.com.br\/site\/wp-json\/wp\/v2\/types\/post"}],"author":[{"embeddable":true,"href":"https:\/\/jm-metropole.com.br\/site\/wp-json\/wp\/v2\/users\/1"}],"replies":[{"embeddable":true,"href":"https:\/\/jm-metropole.com.br\/site\/wp-json\/wp\/v2\/comments?post=6176"}],"version-history":[{"count":1,"href":"https:\/\/jm-metropole.com.br\/site\/wp-json\/wp\/v2\/posts\/6176\/revisions"}],"predecessor-version":[{"id":6178,"href":"https:\/\/jm-metropole.com.br\/site\/wp-json\/wp\/v2\/posts\/6176\/revisions\/6178"}],"wp:featuredmedia":[{"embeddable":true,"href":"https:\/\/jm-metropole.com.br\/site\/wp-json\/wp\/v2\/media\/6177"}],"wp:attachment":[{"href":"https:\/\/jm-metropole.com.br\/site\/wp-json\/wp\/v2\/media?parent=6176"}],"wp:term":[{"taxonomy":"category","embeddable":true,"href":"https:\/\/jm-metropole.com.br\/site\/wp-json\/wp\/v2\/categories?post=6176"},{"taxonomy":"post_tag","embeddable":true,"href":"https:\/\/jm-metropole.com.br\/site\/wp-json\/wp\/v2\/tags?post=6176"}],"curies":[{"name":"wp","href":"https:\/\/api.w.org\/{rel}","templated":true}]}}