{"id":6164,"date":"2023-02-07T07:33:43","date_gmt":"2023-02-07T10:33:43","guid":{"rendered":"https:\/\/jm-metropole.com.br\/site\/?p=6164"},"modified":"2023-02-07T07:33:43","modified_gmt":"2023-02-07T10:33:43","slug":"operacao-taciturno-lacra-cinco-estabelecimentos-de-poa","status":"publish","type":"post","link":"https:\/\/jm-metropole.com.br\/site\/operacao-taciturno-lacra-cinco-estabelecimentos-de-poa\/","title":{"rendered":"\u201cOpera\u00e7\u00e3o Taciturno\u201d lacra cinco estabelecimentos de Po\u00e1"},"content":{"rendered":"<p>Durante a a\u00e7\u00e3o realizada na \u00faltima sexta-feira (04\/02) outros cinco<br \/>\nestabelecimentos foram notificados e mais cinco orientados<\/p>\n<p>O Departamento de Fiscaliza\u00e7\u00e3o de Posturas de Po\u00e1, com o apoio da Guarda<br \/>\nCivil Municipal (GCM) e da Pol\u00edcia Militar (PM), realizou na \u00faltima<br \/>\nsexta-feira (04\/02), a \u201cOpera\u00e7\u00e3o Taciturno\u201d. Durante a a\u00e7\u00e3o cinco<br \/>\nestabelecimentos foram lacrados por falta de documenta\u00e7\u00e3o obrigat\u00f3ria e<br \/>\noutros dez foram orientados e notificados.<\/p>\n<p>De acordo com o diretor do Departamento de Fiscaliza\u00e7\u00e3o, Carlos Souza, a<br \/>\nopera\u00e7\u00e3o teve o objetivo de verificar as documenta\u00e7\u00f5es de cada<br \/>\nestabelecimento. \u201cNosso foco \u00e9 garantir que estes locais prestem um<br \/>\nservi\u00e7o de excel\u00eancia para a popula\u00e7\u00e3o. Desta forma, \u00e9 necess\u00e1rio estar<br \/>\nem dia com as leis e normas de funcionamento, somente assim ser\u00e1<br \/>\nposs\u00edvel garantir a seguran\u00e7a dos mun\u00edcipes\u201d, disse.<\/p>\n<p>Segundo informa\u00e7\u00f5es do Departamento, os bares e adegas foram lacrados<br \/>\npor falta de alvar\u00e1s de funcionamento, licen\u00e7a da Prefeitura,<br \/>\nCertificado de Licen\u00e7a do Corpo de Bombeiros (CLCB) e laudo de veda\u00e7\u00e3o<br \/>\nac\u00fastica, al\u00e9m de responderem pela contraven\u00e7\u00e3o penal de perturba\u00e7\u00e3o do<br \/>\nsossego.<\/p>\n<p>Vale ressaltar que os estabelecimentos notificados tem o prazo de at\u00e9<br \/>\ncinco dias \u00fateis para darem in\u00edcio aos tr\u00e2mites de regulariza\u00e7\u00e3o da sua<br \/>\ndocumenta\u00e7\u00e3o. J\u00e1 os que foram orientados est\u00e3o com aproximadamente 80%<br \/>\ndos documentos regularizados e precisam procurar o departamento apenas<br \/>\npara finalizar todas as quest\u00f5es legais.<\/p>\n<p>\u201cO Departamento de Fiscaliza\u00e7\u00e3o est\u00e1 inteiramente \u00e0 disposi\u00e7\u00e3o dos<br \/>\npropriet\u00e1rios para a resolu\u00e7\u00e3o dos problemas decorrentes da falta de<br \/>\ndocumenta\u00e7\u00e3o. Nosso principal objetivo \u00e9 zelar pelo bem-estar e<br \/>\nseguran\u00e7a dos mun\u00edcipes e, por isso, \u00e9 necess\u00e1rio que estas pessoas nos<br \/>\nprocurem e fiquem em dia com a lei\u201d, finalizou o diretor.<\/p>\n<p>O Departamento de Fiscaliza\u00e7\u00e3o de Posturas de Po\u00e1 est\u00e1 localizado na Rua<br \/>\nDeputado Cunha Bueno, 411, Centro. O atendimento \u00e9 feito de segunda a<br \/>\nsexta-feira, das 8 \u00e0s 17 horas. Mais informa\u00e7\u00f5es pelo telefone<br \/>\n4634-8833.<\/p>\n","protected":false},"excerpt":{"rendered":"<p>Durante a a\u00e7\u00e3o realizada na \u00faltima sexta-feira (04\/02) outros cinco estabelecimentos foram notificados e mais cinco orientados O Departamento de Fiscaliza\u00e7\u00e3o de Posturas de Po\u00e1, com o apoio da Guarda Civil Municipal (GCM) e da Pol\u00edcia Militar (PM), realizou na \u00faltima sexta-feira (04\/02), a \u201cOpera\u00e7\u00e3o Taciturno\u201d. Durante a a\u00e7\u00e3o cinco estabelecimentos foram lacrados por falta [&hellip;]<\/p>\n","protected":false},"author":1,"featured_media":6165,"comment_status":"open","ping_status":"open","sticky":false,"template":"","format":"standard","meta":{"footnotes":""},"categories":[19],"tags":[],"class_list":{"0":"post-6164","1":"post","2":"type-post","3":"status-publish","4":"format-standard","5":"has-post-thumbnail","7":"category-poa"},"_links":{"self":[{"href":"https:\/\/jm-metropole.com.br\/site\/wp-json\/wp\/v2\/posts\/6164","targetHints":{"allow":["GET"]}}],"collection":[{"href":"https:\/\/jm-metropole.com.br\/site\/wp-json\/wp\/v2\/posts"}],"about":[{"href":"https:\/\/jm-metropole.com.br\/site\/wp-json\/wp\/v2\/types\/post"}],"author":[{"embeddable":true,"href":"https:\/\/jm-metropole.com.br\/site\/wp-json\/wp\/v2\/users\/1"}],"replies":[{"embeddable":true,"href":"https:\/\/jm-metropole.com.br\/site\/wp-json\/wp\/v2\/comments?post=6164"}],"version-history":[{"count":1,"href":"https:\/\/jm-metropole.com.br\/site\/wp-json\/wp\/v2\/posts\/6164\/revisions"}],"predecessor-version":[{"id":6166,"href":"https:\/\/jm-metropole.com.br\/site\/wp-json\/wp\/v2\/posts\/6164\/revisions\/6166"}],"wp:featuredmedia":[{"embeddable":true,"href":"https:\/\/jm-metropole.com.br\/site\/wp-json\/wp\/v2\/media\/6165"}],"wp:attachment":[{"href":"https:\/\/jm-metropole.com.br\/site\/wp-json\/wp\/v2\/media?parent=6164"}],"wp:term":[{"taxonomy":"category","embeddable":true,"href":"https:\/\/jm-metropole.com.br\/site\/wp-json\/wp\/v2\/categories?post=6164"},{"taxonomy":"post_tag","embeddable":true,"href":"https:\/\/jm-metropole.com.br\/site\/wp-json\/wp\/v2\/tags?post=6164"}],"curies":[{"name":"wp","href":"https:\/\/api.w.org\/{rel}","templated":true}]}}