{"id":6158,"date":"2023-02-06T18:22:30","date_gmt":"2023-02-06T21:22:30","guid":{"rendered":"https:\/\/jm-metropole.com.br\/site\/?p=6158"},"modified":"2023-02-06T18:22:30","modified_gmt":"2023-02-06T21:22:30","slug":"audiencia-publica-debate-a-criacao-da-area-de-protecao-ambiental-capelinha-agua-azul-no-proximo-dia-4","status":"publish","type":"post","link":"https:\/\/jm-metropole.com.br\/site\/audiencia-publica-debate-a-criacao-da-area-de-protecao-ambiental-capelinha-agua-azul-no-proximo-dia-4\/","title":{"rendered":"Audi\u00eancia p\u00fablica debate a cria\u00e7\u00e3o da \u00c1rea de Prote\u00e7\u00e3o Ambiental Capelinha-\u00c1gua Azul no pr\u00f3ximo dia 4"},"content":{"rendered":"<p>A Prefeitura de Guarulhos\u00a0promover\u00e1 no dia\u00a04 de mar\u00e7o,\u00a0s\u00e1bado, \u00e0s 9h, uma audi\u00eancia p\u00fablica para debater a cria\u00e7\u00e3o da \u00c1rea de Prote\u00e7\u00e3o Ambiental (APA) Capelinha-\u00c1gua Azul. Ela acontecer\u00e1 no Centro de Educa\u00e7\u00e3o Ambiental Balne\u00e1rio \u00c1gua Azul, na avenida Guanabara, 410.<\/p>\n<p>Sob responsabilidade da Secretaria do Meio Ambiente de Guarulhos, a cria\u00e7\u00e3o da APA Capelinha-\u00c1gua Azul est\u00e1 prevista na lei do Plano Diretor, uma vez que a regi\u00e3o possui voca\u00e7\u00e3o para o ecoturismo, tendo em vista a prote\u00e7\u00e3o de seus recursos naturais, do patrim\u00f4nio hist\u00f3rico e de elementos culturais, assim como a melhoria da qualidade de vida das comunidades locais.<\/p>\n<p>A minuta do projeto de lei para a cria\u00e7\u00e3o da APA Capelinha-\u00c1gua Azul est\u00e1 dispon\u00edvel para consulta na p\u00e1gina\u00a0www.guarulhos.sp.gov.br\/consulta-publica-area-de-protecao-ambiental-capelinha-agua-azul.<\/p>\n","protected":false},"excerpt":{"rendered":"<p>A Prefeitura de Guarulhos\u00a0promover\u00e1 no dia\u00a04 de mar\u00e7o,\u00a0s\u00e1bado, \u00e0s 9h, uma audi\u00eancia p\u00fablica para debater a cria\u00e7\u00e3o da \u00c1rea de Prote\u00e7\u00e3o Ambiental (APA) Capelinha-\u00c1gua Azul. Ela acontecer\u00e1 no Centro de Educa\u00e7\u00e3o Ambiental Balne\u00e1rio \u00c1gua Azul, na avenida Guanabara, 410. Sob responsabilidade da Secretaria do Meio Ambiente de Guarulhos, a cria\u00e7\u00e3o da APA Capelinha-\u00c1gua Azul est\u00e1 [&hellip;]<\/p>\n","protected":false},"author":1,"featured_media":6159,"comment_status":"open","ping_status":"open","sticky":false,"template":"","format":"standard","meta":{"footnotes":""},"categories":[3],"tags":[],"class_list":{"0":"post-6158","1":"post","2":"type-post","3":"status-publish","4":"format-standard","5":"has-post-thumbnail","7":"category-guarulhos"},"_links":{"self":[{"href":"https:\/\/jm-metropole.com.br\/site\/wp-json\/wp\/v2\/posts\/6158","targetHints":{"allow":["GET"]}}],"collection":[{"href":"https:\/\/jm-metropole.com.br\/site\/wp-json\/wp\/v2\/posts"}],"about":[{"href":"https:\/\/jm-metropole.com.br\/site\/wp-json\/wp\/v2\/types\/post"}],"author":[{"embeddable":true,"href":"https:\/\/jm-metropole.com.br\/site\/wp-json\/wp\/v2\/users\/1"}],"replies":[{"embeddable":true,"href":"https:\/\/jm-metropole.com.br\/site\/wp-json\/wp\/v2\/comments?post=6158"}],"version-history":[{"count":1,"href":"https:\/\/jm-metropole.com.br\/site\/wp-json\/wp\/v2\/posts\/6158\/revisions"}],"predecessor-version":[{"id":6160,"href":"https:\/\/jm-metropole.com.br\/site\/wp-json\/wp\/v2\/posts\/6158\/revisions\/6160"}],"wp:featuredmedia":[{"embeddable":true,"href":"https:\/\/jm-metropole.com.br\/site\/wp-json\/wp\/v2\/media\/6159"}],"wp:attachment":[{"href":"https:\/\/jm-metropole.com.br\/site\/wp-json\/wp\/v2\/media?parent=6158"}],"wp:term":[{"taxonomy":"category","embeddable":true,"href":"https:\/\/jm-metropole.com.br\/site\/wp-json\/wp\/v2\/categories?post=6158"},{"taxonomy":"post_tag","embeddable":true,"href":"https:\/\/jm-metropole.com.br\/site\/wp-json\/wp\/v2\/tags?post=6158"}],"curies":[{"name":"wp","href":"https:\/\/api.w.org\/{rel}","templated":true}]}}