{"id":6145,"date":"2023-02-06T15:52:55","date_gmt":"2023-02-06T18:52:55","guid":{"rendered":"https:\/\/jm-metropole.com.br\/site\/?p=6145"},"modified":"2023-02-06T15:52:55","modified_gmt":"2023-02-06T18:52:55","slug":"tarcisio-de-freitas-recebe-diretoria-da-aprecesp-para-debater-turismo-de-sp","status":"publish","type":"post","link":"https:\/\/jm-metropole.com.br\/site\/tarcisio-de-freitas-recebe-diretoria-da-aprecesp-para-debater-turismo-de-sp\/","title":{"rendered":"Tarc\u00edsio de Freitas recebe diretoria da Aprecesp para debater turismo de SP"},"content":{"rendered":"<p>Governador apresentou investimentos e projetos da gest\u00e3o e ouviu demandas da associa\u00e7\u00e3o, que representa 70 Est\u00e2ncias Tur\u00edsticas de S\u00e3o Paulo<\/p>\n<p>O governador Tarc\u00edsio de Freitas recebeu nesta segunda-feira (6), no Pal\u00e1cio dos Bandeirantes, a diretoria da Aprecesp (Associa\u00e7\u00e3o das Prefeituras das Cidades Est\u00e2ncia do Estado de S\u00e3o Paulo) para apresentar os investimentos e projetos e ouvir as demandas relacionadas ao turismo do Estado. A entidade representa 70 Est\u00e2ncias Tur\u00edsticas de S\u00e3o Paulo.<\/p>\n<p>Participaram tamb\u00e9m do encontro o secret\u00e1rio de Turismo, e Viagens, Roberto de Lucena; o secret\u00e1rio-chefe da Casa Civil, Arthur Lima; o secret\u00e1rio de Governo e Rela\u00e7\u00f5es Institucionais, Gilberto Kassab; e o secret\u00e1rio-chefe da Casa Militar e coordenador da Defesa Civil, Henguel Ricardo Pereira, al\u00e9m dos prefeitos que comp\u00f5em a diretoria da Aprecesp.<\/p>\n<p>\u201cMais do que ser um mero repassador de recursos, temos que ter a capacidade de dar assist\u00eancia t\u00e9cnica aos munic\u00edpios, ajudar os prefeitos em seus projetos, trabalhar a forma\u00e7\u00e3o do profissional dedicado ao turismo. Temos que qualificar o investimento que vai chegar porque ele gera emprego\u201d, afirmou Tarc\u00edsio de Freitas.<\/p>\n<p>O desempenho do turismo paulista em 2023 ser\u00e1 o maior dos \u00faltimos cinco anos, segundo proje\u00e7\u00e3o do Centro de Intelig\u00eancia da Economia do Turismo (CIET), da Secretaria de Turismo e Viagens do Estado de S\u00e3o Paulo. A estimativa \u00e9 de que a economia do setor cres\u00e7a 7,8% em 2023.<\/p>\n<p>Uma s\u00e9rie de a\u00e7\u00f5es efetivas ser\u00e1 ampliada e aprimorada, com investimentos de mais de R$ 560 milh\u00f5es em infraestrutura nos destinos tur\u00edsticos; um amplo programa de divulga\u00e7\u00e3o do Estado, o SP pra Todos; e a consolida\u00e7\u00e3o de distritos tur\u00edsticos para estimular o investimento.<\/p>\n<p>Ainda no primeiro semestre ocorrer\u00e1 o lan\u00e7amento do circuito n\u00e1utico do Estado com a inaugura\u00e7\u00e3o de estruturas n\u00e1uticas em 13 munic\u00edpios; a cria\u00e7\u00e3o de um Plano Estadual de Turismo Rural; o aprimoramento do Programa de Cr\u00e9dito para o Turismo e o lan\u00e7amento do Sabor de S\u00e3o Paulo.<\/p>\n<p>Durante o encontro, a associa\u00e7\u00e3o pediu ao governador o descontingenciamento dos recursos do Or\u00e7amento direcionados ao turismo, especificamente o montante previsto para o ano de 2023 destinados ao DADETUR (Departamento de Apoio ao Desenvolvimento dos Munic\u00edpios Tur\u00edsticos) e a revis\u00e3o de destina\u00e7\u00e3o de 20% dos recursos do Turismo para servi\u00e7o.<\/p>\n","protected":false},"excerpt":{"rendered":"<p>Governador apresentou investimentos e projetos da gest\u00e3o e ouviu demandas da associa\u00e7\u00e3o, que representa 70 Est\u00e2ncias Tur\u00edsticas de S\u00e3o Paulo O governador Tarc\u00edsio de Freitas recebeu nesta segunda-feira (6), no Pal\u00e1cio dos Bandeirantes, a diretoria da Aprecesp (Associa\u00e7\u00e3o das Prefeituras das Cidades Est\u00e2ncia do Estado de S\u00e3o Paulo) para apresentar os investimentos e projetos e [&hellip;]<\/p>\n","protected":false},"author":1,"featured_media":6146,"comment_status":"open","ping_status":"open","sticky":false,"template":"","format":"standard","meta":{"footnotes":""},"categories":[48],"tags":[],"class_list":{"0":"post-6145","1":"post","2":"type-post","3":"status-publish","4":"format-standard","5":"has-post-thumbnail","7":"category-geral"},"_links":{"self":[{"href":"https:\/\/jm-metropole.com.br\/site\/wp-json\/wp\/v2\/posts\/6145","targetHints":{"allow":["GET"]}}],"collection":[{"href":"https:\/\/jm-metropole.com.br\/site\/wp-json\/wp\/v2\/posts"}],"about":[{"href":"https:\/\/jm-metropole.com.br\/site\/wp-json\/wp\/v2\/types\/post"}],"author":[{"embeddable":true,"href":"https:\/\/jm-metropole.com.br\/site\/wp-json\/wp\/v2\/users\/1"}],"replies":[{"embeddable":true,"href":"https:\/\/jm-metropole.com.br\/site\/wp-json\/wp\/v2\/comments?post=6145"}],"version-history":[{"count":1,"href":"https:\/\/jm-metropole.com.br\/site\/wp-json\/wp\/v2\/posts\/6145\/revisions"}],"predecessor-version":[{"id":6147,"href":"https:\/\/jm-metropole.com.br\/site\/wp-json\/wp\/v2\/posts\/6145\/revisions\/6147"}],"wp:featuredmedia":[{"embeddable":true,"href":"https:\/\/jm-metropole.com.br\/site\/wp-json\/wp\/v2\/media\/6146"}],"wp:attachment":[{"href":"https:\/\/jm-metropole.com.br\/site\/wp-json\/wp\/v2\/media?parent=6145"}],"wp:term":[{"taxonomy":"category","embeddable":true,"href":"https:\/\/jm-metropole.com.br\/site\/wp-json\/wp\/v2\/categories?post=6145"},{"taxonomy":"post_tag","embeddable":true,"href":"https:\/\/jm-metropole.com.br\/site\/wp-json\/wp\/v2\/tags?post=6145"}],"curies":[{"name":"wp","href":"https:\/\/api.w.org\/{rel}","templated":true}]}}