{"id":6142,"date":"2023-02-06T15:46:32","date_gmt":"2023-02-06T18:46:32","guid":{"rendered":"https:\/\/jm-metropole.com.br\/site\/?p=6142"},"modified":"2023-02-06T15:46:32","modified_gmt":"2023-02-06T18:46:32","slug":"ano-letivo-comeca-com-animacao-nas-escolas-municipais-de-itaquaquecetuba","status":"publish","type":"post","link":"https:\/\/jm-metropole.com.br\/site\/ano-letivo-comeca-com-animacao-nas-escolas-municipais-de-itaquaquecetuba\/","title":{"rendered":"Ano letivo come\u00e7a com anima\u00e7\u00e3o nas escolas municipais de Itaquaquecetuba"},"content":{"rendered":"<p>Primeiro acolhimento aos estudantes ocorreu na \u00faltima sexta-feira (3)<\/p>\n<p>O ano letivo de 2023 come\u00e7ou em Itaquaquecetuba. O primeiro dia de aula, na \u00faltima sexta-feira (3), foi destinado ao acolhimento das crian\u00e7as ap\u00f3s uma s\u00e9rie de melhorias na estrutura das escolas com revitaliza\u00e7\u00e3o das quadras, pintura e paisagismo, al\u00e9m da forma\u00e7\u00e3o de professores, promovida pela Prefeitura de Itaquaquecetuba, por meio da Secretaria de Educa\u00e7\u00e3o.<\/p>\n<p>Os estudantes foram recepcionados em clima animado, decorado com bexigas e palavras acolhedoras, m\u00fasica infantil no in\u00edcio do per\u00edodo, tour pela escola e, em algumas unidades, a presen\u00e7a dos bonecos Minnie e Mickey.<\/p>\n<p>As aulas v\u00e3o ocorrer 100% presenciais e j\u00e1 neste in\u00edcio do ano ser\u00e3o entregues os kits de materiais que variam de acordo com a faixa et\u00e1ria do estudante. Como novidade, o ber\u00e7\u00e1rio tamb\u00e9m receber\u00e1 o kit, que ter\u00e1 um livro para banho e uma agenda de registro di\u00e1rio.<\/p>\n<p>Nas creches, foi realizada a entrega de cadeir\u00f5es e esterilizadores. &#8220;Estamos preparados para um ano de realiza\u00e7\u00f5es. Vamos oferecer uma educa\u00e7\u00e3o de qualidade e com muito respeito a todos os estudantes&#8221;, disse a secret\u00e1ria de Educa\u00e7\u00e3o, Maria Cristina Perpetuo.<\/p>\n<p>De 25 a 27 de janeiro, ocorreu a programa\u00e7\u00e3o formativa destinada aos diretores, vice-diretores, coordenadores pedag\u00f3gicos, equipe t\u00e9cnica da supervis\u00e3o e n\u00facleo pedag\u00f3gico com o objetivo de propor a\u00e7\u00f5es conjuntas para a melhoria dos indicadores educacionais e apresentar o plano de trabalho do n\u00facleo pedag\u00f3gico. Cerca de 400 profissionais participaram.<\/p>\n<p>Al\u00e9m de ocorrer a chamada do concurso p\u00fablico para o ingresso de novos professores, as escolas receberam kit multim\u00eddia, notebook, projetor, tel\u00e3o. &#8220;Estamos dia a dia construindo novos caminhos, investindo nas necessidades das unidades escolares e acreditando na import\u00e2ncia de cada educador&#8221;, finalizou o prefeito Eduardo Boigues.<\/p>\n<p>Fotos: Dayane Oliveira<\/p>\n","protected":false},"excerpt":{"rendered":"<p>Primeiro acolhimento aos estudantes ocorreu na \u00faltima sexta-feira (3) O ano letivo de 2023 come\u00e7ou em Itaquaquecetuba. O primeiro dia de aula, na \u00faltima sexta-feira (3), foi destinado ao acolhimento das crian\u00e7as ap\u00f3s uma s\u00e9rie de melhorias na estrutura das escolas com revitaliza\u00e7\u00e3o das quadras, pintura e paisagismo, al\u00e9m da forma\u00e7\u00e3o de professores, promovida pela [&hellip;]<\/p>\n","protected":false},"author":1,"featured_media":6143,"comment_status":"open","ping_status":"open","sticky":false,"template":"","format":"standard","meta":{"footnotes":""},"categories":[6],"tags":[],"class_list":{"0":"post-6142","1":"post","2":"type-post","3":"status-publish","4":"format-standard","5":"has-post-thumbnail","7":"category-itaqua"},"_links":{"self":[{"href":"https:\/\/jm-metropole.com.br\/site\/wp-json\/wp\/v2\/posts\/6142","targetHints":{"allow":["GET"]}}],"collection":[{"href":"https:\/\/jm-metropole.com.br\/site\/wp-json\/wp\/v2\/posts"}],"about":[{"href":"https:\/\/jm-metropole.com.br\/site\/wp-json\/wp\/v2\/types\/post"}],"author":[{"embeddable":true,"href":"https:\/\/jm-metropole.com.br\/site\/wp-json\/wp\/v2\/users\/1"}],"replies":[{"embeddable":true,"href":"https:\/\/jm-metropole.com.br\/site\/wp-json\/wp\/v2\/comments?post=6142"}],"version-history":[{"count":1,"href":"https:\/\/jm-metropole.com.br\/site\/wp-json\/wp\/v2\/posts\/6142\/revisions"}],"predecessor-version":[{"id":6144,"href":"https:\/\/jm-metropole.com.br\/site\/wp-json\/wp\/v2\/posts\/6142\/revisions\/6144"}],"wp:featuredmedia":[{"embeddable":true,"href":"https:\/\/jm-metropole.com.br\/site\/wp-json\/wp\/v2\/media\/6143"}],"wp:attachment":[{"href":"https:\/\/jm-metropole.com.br\/site\/wp-json\/wp\/v2\/media?parent=6142"}],"wp:term":[{"taxonomy":"category","embeddable":true,"href":"https:\/\/jm-metropole.com.br\/site\/wp-json\/wp\/v2\/categories?post=6142"},{"taxonomy":"post_tag","embeddable":true,"href":"https:\/\/jm-metropole.com.br\/site\/wp-json\/wp\/v2\/tags?post=6142"}],"curies":[{"name":"wp","href":"https:\/\/api.w.org\/{rel}","templated":true}]}}