{"id":6130,"date":"2023-02-06T11:55:00","date_gmt":"2023-02-06T14:55:00","guid":{"rendered":"https:\/\/jm-metropole.com.br\/site\/?p=6130"},"modified":"2023-02-06T11:55:00","modified_gmt":"2023-02-06T14:55:00","slug":"cultura-de-itaqua-participa-de-reuniao-estadual-com-mais-de-500-gestores-municipais","status":"publish","type":"post","link":"https:\/\/jm-metropole.com.br\/site\/cultura-de-itaqua-participa-de-reuniao-estadual-com-mais-de-500-gestores-municipais\/","title":{"rendered":"Cultura de Itaqu\u00e1 participa de reuni\u00e3o estadual com mais de 500 gestores municipais"},"content":{"rendered":"<p>Encontro foi promovido pela Secretaria de Cultura e Economia Criativa de SP<\/p>\n<p>A Secretaria de Cultura de Itaquaquecetuba marcou presen\u00e7a no primeiro encontro de gestores culturais, promovido no in\u00edcio desta semana pela Secretaria de Cultura e Economia Criativa do Estado de S\u00e3o Paulo. A reuni\u00e3o foi realizada no Teatro S\u00e9rgio Cardoso, na capital, e contou com a participa\u00e7\u00e3o de mais de 500 secret\u00e1rios de Cultura e gestores municipais.<\/p>\n<p>O evento teve como objetivo ampliar a aproxima\u00e7\u00e3o dos representantes culturais dos munic\u00edpios com o governo estadual. Mapeamento de dados e diagn\u00f3sticos das cidades, equipamentos culturais locais, agendas de execu\u00e7\u00f5es de pol\u00edticas p\u00fablicas no interior, al\u00e9m de parcerias para novos encontros foram alguns dos assuntos debatidos.<\/p>\n<p>&#8220;Esse encontro com tantos munic\u00edpios para discutir o setor cultural foi um grande marco. Estamos alinhando projetos para o desenvolvimento de Itaqu\u00e1 como nunca foi feito antes. Ouvir um pouco sobre os objetivos a n\u00edvel estadual refor\u00e7a que estamos no caminho certo&#8221;, disse a secret\u00e1ria municipal de Cultura, Maria Ana Rosa.<\/p>\n<p>Os professores da pasta \u00cdtalo Leal, Maria Cristoilma e Everton Souza tamb\u00e9m acompanharam a reuni\u00e3o. A conversa destacou, inclusive, a import\u00e2ncia dos programas de fomento \u00e0 cultura e as leis de apoio ao setor Aldir Blanc e Paulo Gustavo, j\u00e1 praticadas em Itaqu\u00e1.<\/p>\n<p>&#8220;A ideia \u00e9 produzirmos a pol\u00edtica cultural do estado juntos. A primeira linha de constru\u00e7\u00e3o dessa parceria \u00e9 consolidar e compartilhar os dados relacionados ao setor da cultura entre munic\u00edpios e estado. As pessoas que produzem cultura nas cidades precisam ser mapeadas. N\u00f3s somos transversais e trabalharemos juntos para diagnosticar, definir e validar pol\u00edticas p\u00fablicas de cultura&#8221;, finalizou a secret\u00e1ria estadual de Cultura, Mar\u00edlia Marton.<\/p>\n<p>Fotos: Joca Duarte<\/p>\n","protected":false},"excerpt":{"rendered":"<p>Encontro foi promovido pela Secretaria de Cultura e Economia Criativa de SP A Secretaria de Cultura de Itaquaquecetuba marcou presen\u00e7a no primeiro encontro de gestores culturais, promovido no in\u00edcio desta semana pela Secretaria de Cultura e Economia Criativa do Estado de S\u00e3o Paulo. A reuni\u00e3o foi realizada no Teatro S\u00e9rgio Cardoso, na capital, e contou [&hellip;]<\/p>\n","protected":false},"author":1,"featured_media":6131,"comment_status":"open","ping_status":"open","sticky":false,"template":"","format":"standard","meta":{"footnotes":""},"categories":[6],"tags":[],"class_list":{"0":"post-6130","1":"post","2":"type-post","3":"status-publish","4":"format-standard","5":"has-post-thumbnail","7":"category-itaqua"},"_links":{"self":[{"href":"https:\/\/jm-metropole.com.br\/site\/wp-json\/wp\/v2\/posts\/6130","targetHints":{"allow":["GET"]}}],"collection":[{"href":"https:\/\/jm-metropole.com.br\/site\/wp-json\/wp\/v2\/posts"}],"about":[{"href":"https:\/\/jm-metropole.com.br\/site\/wp-json\/wp\/v2\/types\/post"}],"author":[{"embeddable":true,"href":"https:\/\/jm-metropole.com.br\/site\/wp-json\/wp\/v2\/users\/1"}],"replies":[{"embeddable":true,"href":"https:\/\/jm-metropole.com.br\/site\/wp-json\/wp\/v2\/comments?post=6130"}],"version-history":[{"count":1,"href":"https:\/\/jm-metropole.com.br\/site\/wp-json\/wp\/v2\/posts\/6130\/revisions"}],"predecessor-version":[{"id":6132,"href":"https:\/\/jm-metropole.com.br\/site\/wp-json\/wp\/v2\/posts\/6130\/revisions\/6132"}],"wp:featuredmedia":[{"embeddable":true,"href":"https:\/\/jm-metropole.com.br\/site\/wp-json\/wp\/v2\/media\/6131"}],"wp:attachment":[{"href":"https:\/\/jm-metropole.com.br\/site\/wp-json\/wp\/v2\/media?parent=6130"}],"wp:term":[{"taxonomy":"category","embeddable":true,"href":"https:\/\/jm-metropole.com.br\/site\/wp-json\/wp\/v2\/categories?post=6130"},{"taxonomy":"post_tag","embeddable":true,"href":"https:\/\/jm-metropole.com.br\/site\/wp-json\/wp\/v2\/tags?post=6130"}],"curies":[{"name":"wp","href":"https:\/\/api.w.org\/{rel}","templated":true}]}}