{"id":6127,"date":"2023-02-06T11:53:25","date_gmt":"2023-02-06T14:53:25","guid":{"rendered":"https:\/\/jm-metropole.com.br\/site\/?p=6127"},"modified":"2023-02-06T11:53:25","modified_gmt":"2023-02-06T14:53:25","slug":"programacao-do-1o-festival-de-verao-de-guararema-chega-ao-fim-com-boa-presenca-de-publico","status":"publish","type":"post","link":"https:\/\/jm-metropole.com.br\/site\/programacao-do-1o-festival-de-verao-de-guararema-chega-ao-fim-com-boa-presenca-de-publico\/","title":{"rendered":"Programa\u00e7\u00e3o do 1\u00ba Festival de Ver\u00e3o de Guararema chega ao fim com boa presen\u00e7a de p\u00fablico"},"content":{"rendered":"<p>Estimativa de p\u00fablico que acompanhou a programa\u00e7\u00e3o do evento \u00e9 de cerca de 7 mil pessoas<\/p>\n<p>O 1\u00ba Festival de Ver\u00e3o de Guararema chegou ao fim ap\u00f3s tr\u00eas finais de semana de intenso movimento nas atra\u00e7\u00f5es culturais, musicais, esportivas e gastron\u00f4micas viabilizadas pela Prefeitura de Guararema por meio das Secretarias Municipais de Cultura e Turismo, Esporte e Lazer e de Emprego e Desenvolvimento Econ\u00f4mico.<\/p>\n<p>A estimativa de p\u00fablico que acompanhou a programa\u00e7\u00e3o do evento \u00e9 de cerca de 7 mil pessoas.<br \/>\nCom in\u00edcio em 21 de janeiro, a programa\u00e7\u00e3o contou com o Strong For All 2023, considerado o maior evento de strongman (levantamento de peso) da Am\u00e9rica do Sul. J\u00e1 no outro final de semana, a programa\u00e7\u00e3o come\u00e7ou com a Feira Noturna Gastron\u00f4mica com muita m\u00fasica no Parque de Lazer Prof\u00aa Deocl\u00e9sia de Almeida Mello, assim como se seguiu nos finais de semana seguintes.<\/p>\n<p>O Festival de Ver\u00e3o tamb\u00e9m marcou a inaugura\u00e7\u00e3o do Espa\u00e7o das Artes \u201cProf\u00aa Suely Aparecida \u00c9vora Camargo\u201d na Esta\u00e7\u00e3o Liter\u00e1ria, importante ferramenta para a difus\u00e3o de arte e cultura no munic\u00edpio e que contar\u00e1 com programa\u00e7\u00e3o durante o ano todo.<\/p>\n<p>O \u00faltimo fim de semana do evento foi especial. A Secretaria de Cultura e Turismo realizou o evento de lan\u00e7amento de importantes livros para a hist\u00f3ria de Guararema: Cole\u00e7\u00e3o Mem\u00f3rias de Guararema, Biografias I e II e o Portal Pr\u00f3-Mem\u00f3ria, com a apresenta\u00e7\u00e3o ao piano de Diego Novaes logo em seguida.<\/p>\n<p>J\u00e1 no s\u00e1bado (04), o Parque de Lazer Prof\u00aa Deocl\u00e9sia de Almeida Mello recebeu a atra\u00e7\u00e3o Esta\u00e7\u00e3o Liter\u00e1ria na Pra\u00e7a, com Conta\u00e7\u00e3o de Hist\u00f3ria, Cantinho da Leitura, Oficinas, al\u00e9m de show de rock e do projeto #Samba de Rua ao longo do dia.<\/p>\n<p>Na Vila de Lu\u00eds Carlos, teve apresenta\u00e7\u00e3o do Trio de Dois com os cl\u00e1ssicos do rock no Projeto Som nos Trilhos.<\/p>\n<p>No domingo (04) a programa\u00e7\u00e3o come\u00e7ou pela manh\u00e3, com atividade de Gin\u00e1stica no Parque de Lazer Prof\u00aa Deocl\u00e9sia de Almeida Mello, onde mais tarde tamb\u00e9m aconteceram shows de Pop\/Rock. Em Lu\u00eds Carlos, teve Som nos Trilhos, com Ant\u00f4nio Felipe e muita MPB e o Projeto #Samba de Rua.<\/p>\n<p>\u201cO Festival de Ver\u00e3o de Guararema foi um verdadeiro sucesso, especialmente quando consideramos que foi o primeiro ano de realiza\u00e7\u00e3o do evento\u201d, disse o prefeito Z\u00e9. \u201cTemos certeza de que teremos outras edi\u00e7\u00f5es deste evento que marca o in\u00edcio das atividades do calend\u00e1rio anual de Guararema\u201d, completou.<br \/>\nVale lembrar que toda a programa\u00e7\u00e3o do Festival de Ver\u00e3o foi gratuita e para todos os p\u00fablicos.<\/p>\n","protected":false},"excerpt":{"rendered":"<p>Estimativa de p\u00fablico que acompanhou a programa\u00e7\u00e3o do evento \u00e9 de cerca de 7 mil pessoas O 1\u00ba Festival de Ver\u00e3o de Guararema chegou ao fim ap\u00f3s tr\u00eas finais de semana de intenso movimento nas atra\u00e7\u00f5es culturais, musicais, esportivas e gastron\u00f4micas viabilizadas pela Prefeitura de Guararema por meio das Secretarias Municipais de Cultura e Turismo, [&hellip;]<\/p>\n","protected":false},"author":1,"featured_media":6128,"comment_status":"open","ping_status":"open","sticky":false,"template":"","format":"standard","meta":{"footnotes":""},"categories":[8],"tags":[],"class_list":{"0":"post-6127","1":"post","2":"type-post","3":"status-publish","4":"format-standard","5":"has-post-thumbnail","7":"category-guararema"},"_links":{"self":[{"href":"https:\/\/jm-metropole.com.br\/site\/wp-json\/wp\/v2\/posts\/6127","targetHints":{"allow":["GET"]}}],"collection":[{"href":"https:\/\/jm-metropole.com.br\/site\/wp-json\/wp\/v2\/posts"}],"about":[{"href":"https:\/\/jm-metropole.com.br\/site\/wp-json\/wp\/v2\/types\/post"}],"author":[{"embeddable":true,"href":"https:\/\/jm-metropole.com.br\/site\/wp-json\/wp\/v2\/users\/1"}],"replies":[{"embeddable":true,"href":"https:\/\/jm-metropole.com.br\/site\/wp-json\/wp\/v2\/comments?post=6127"}],"version-history":[{"count":1,"href":"https:\/\/jm-metropole.com.br\/site\/wp-json\/wp\/v2\/posts\/6127\/revisions"}],"predecessor-version":[{"id":6129,"href":"https:\/\/jm-metropole.com.br\/site\/wp-json\/wp\/v2\/posts\/6127\/revisions\/6129"}],"wp:featuredmedia":[{"embeddable":true,"href":"https:\/\/jm-metropole.com.br\/site\/wp-json\/wp\/v2\/media\/6128"}],"wp:attachment":[{"href":"https:\/\/jm-metropole.com.br\/site\/wp-json\/wp\/v2\/media?parent=6127"}],"wp:term":[{"taxonomy":"category","embeddable":true,"href":"https:\/\/jm-metropole.com.br\/site\/wp-json\/wp\/v2\/categories?post=6127"},{"taxonomy":"post_tag","embeddable":true,"href":"https:\/\/jm-metropole.com.br\/site\/wp-json\/wp\/v2\/tags?post=6127"}],"curies":[{"name":"wp","href":"https:\/\/api.w.org\/{rel}","templated":true}]}}