{"id":6112,"date":"2023-02-06T08:18:06","date_gmt":"2023-02-06T11:18:06","guid":{"rendered":"https:\/\/jm-metropole.com.br\/site\/?p=6112"},"modified":"2023-02-06T08:18:06","modified_gmt":"2023-02-06T11:18:06","slug":"traineira-naufraga-no-rio-e-deixa-pelo-menos-tres-mortos","status":"publish","type":"post","link":"https:\/\/jm-metropole.com.br\/site\/traineira-naufraga-no-rio-e-deixa-pelo-menos-tres-mortos\/","title":{"rendered":"Traineira naufraga no Rio e deixa pelo menos tr\u00eas mortos"},"content":{"rendered":"<div class=\"col-lg-12 mb-3\">\n<div class=\"row\">\n<h3 class=\"col-10 offset-1 animated fadeInDown dealy-900 display-8 display-md-8 alt-font font-italic my-1 text-center\">Cinco pessoas est\u00e3o desaparecidas<\/h3>\n<\/div>\n<ul class=\"divider social-icons si-border round si-colored-bg-on-hover my-3\">\n<li style=\"list-style-type: none\">\n<ul class=\"divider social-icons si-border round si-colored-bg-on-hover my-3\">Uma traineira que navegava pela Ba\u00eda de Guanabara naufragou na tarde de<\/ul>\n<\/li>\n<\/ul>\n<p><span id=\"OBJ_PREFIX_DWT287_com_zimbra_date\" role=\"link\">ontem<\/span><\/p>\n<ul class=\"divider social-icons si-border round si-colored-bg-on-hover my-3\">\n<li style=\"list-style-type: none\">\n<ul class=\"divider social-icons si-border round si-colored-bg-on-hover my-3\">\u00a0(5), deixando pelo menos tr\u00eas mortos.\u00a0Cinco pessoas est\u00e3o desaparecidas. Segundo a Marinha do Brasil, o acidente aconteceu nas proximidades da Ilha do Governador.<\/ul>\n<\/li>\n<\/ul>\n<\/div>\n<div class=\"col-xl-7 offset-xl-1 col-lg-8 offset-lg-0 col-md-10 offset-md-1 mb-3\">\n<div class=\"post-item alt-font\">\n<div class=\"post-item-wrap\">\n<p><img decoding=\"async\" src=\"https:\/\/agenciabrasil.ebc.com.br\/ebc.png?id=1508414&amp;o=node\" \/><img decoding=\"async\" src=\"https:\/\/agenciabrasil.ebc.com.br\/ebc.gif?id=1508414&amp;o=node\" \/>De acordo com o Corpo de Bombeiros, havia 14 pessoas a bordo, das quais seis foram resgatadas com vida. Os bombeiros prestaram os primeiros-socorros e encaminharam as v\u00edtimas para a Coordena\u00e7\u00e3o de Emerg\u00eancia Regional (CER) da Ilha do Governador.<\/p>\n<p>Os tr\u00eas mortos s\u00e3o adultos. Entre os desaparecidos h\u00e1 uma crian\u00e7a e um adolescente. As buscas est\u00e3o sendo feitas com a participa\u00e7\u00e3o de mergulhadores, lanchas, moto aqu\u00e1tica\u00a0e aeronaves, al\u00e9m de contar com o apoio da Capitania dos Portos.<\/p>\n<p>A Marinha informou que um procedimento interno ser\u00e1 instaurado para apurar causas, circunst\u00e2ncias e responsabilidades pelo acidente.<\/p>\n<p>Segundo a Secretaria Municipal de Sa\u00fade, todos os pacientes encaminhados ao CER j\u00e1 receberam alta.<\/p>\n<p>*Com informa\u00e7\u00f5es de Ag\u00eancia Brasil<\/p>\n<\/div>\n<\/div>\n<\/div>\n","protected":false},"excerpt":{"rendered":"<p>Cinco pessoas est\u00e3o desaparecidas Uma traineira que navegava pela Ba\u00eda de Guanabara naufragou na tarde de ontem \u00a0(5), deixando pelo menos tr\u00eas mortos.\u00a0Cinco pessoas est\u00e3o desaparecidas. Segundo a Marinha do Brasil, o acidente aconteceu nas proximidades da Ilha do Governador. De acordo com o Corpo de Bombeiros, havia 14 pessoas a bordo, das quais seis [&hellip;]<\/p>\n","protected":false},"author":1,"featured_media":6113,"comment_status":"open","ping_status":"open","sticky":false,"template":"","format":"standard","meta":{"footnotes":""},"categories":[48],"tags":[],"class_list":{"0":"post-6112","1":"post","2":"type-post","3":"status-publish","4":"format-standard","5":"has-post-thumbnail","7":"category-geral"},"_links":{"self":[{"href":"https:\/\/jm-metropole.com.br\/site\/wp-json\/wp\/v2\/posts\/6112","targetHints":{"allow":["GET"]}}],"collection":[{"href":"https:\/\/jm-metropole.com.br\/site\/wp-json\/wp\/v2\/posts"}],"about":[{"href":"https:\/\/jm-metropole.com.br\/site\/wp-json\/wp\/v2\/types\/post"}],"author":[{"embeddable":true,"href":"https:\/\/jm-metropole.com.br\/site\/wp-json\/wp\/v2\/users\/1"}],"replies":[{"embeddable":true,"href":"https:\/\/jm-metropole.com.br\/site\/wp-json\/wp\/v2\/comments?post=6112"}],"version-history":[{"count":1,"href":"https:\/\/jm-metropole.com.br\/site\/wp-json\/wp\/v2\/posts\/6112\/revisions"}],"predecessor-version":[{"id":6114,"href":"https:\/\/jm-metropole.com.br\/site\/wp-json\/wp\/v2\/posts\/6112\/revisions\/6114"}],"wp:featuredmedia":[{"embeddable":true,"href":"https:\/\/jm-metropole.com.br\/site\/wp-json\/wp\/v2\/media\/6113"}],"wp:attachment":[{"href":"https:\/\/jm-metropole.com.br\/site\/wp-json\/wp\/v2\/media?parent=6112"}],"wp:term":[{"taxonomy":"category","embeddable":true,"href":"https:\/\/jm-metropole.com.br\/site\/wp-json\/wp\/v2\/categories?post=6112"},{"taxonomy":"post_tag","embeddable":true,"href":"https:\/\/jm-metropole.com.br\/site\/wp-json\/wp\/v2\/tags?post=6112"}],"curies":[{"name":"wp","href":"https:\/\/api.w.org\/{rel}","templated":true}]}}