{"id":6109,"date":"2023-02-06T07:30:00","date_gmt":"2023-02-06T10:30:00","guid":{"rendered":"https:\/\/jm-metropole.com.br\/site\/?p=6109"},"modified":"2023-02-06T07:30:00","modified_gmt":"2023-02-06T10:30:00","slug":"fundo-social-de-mogi-das-cruzes-lanca-drive-emergencial-da-acao-verao-2023","status":"publish","type":"post","link":"https:\/\/jm-metropole.com.br\/site\/fundo-social-de-mogi-das-cruzes-lanca-drive-emergencial-da-acao-verao-2023\/","title":{"rendered":"Fundo Social de Mogi das Cruzes lan\u00e7a Drive Emergencial da A\u00e7\u00e3o Ver\u00e3o 2023"},"content":{"rendered":"<p>O Fundo Social de Mogi das Cruzes lan\u00e7ar\u00e1 amanh\u00e3 (04\/02) o Drive Emergencial para refor\u00e7ar as doa\u00e7\u00f5es para a campanha A\u00e7\u00e3o Ver\u00e3o 2023, que\u00a0 arrecada itens essenciais para dar amparo emergencial a fam\u00edlias em situa\u00e7\u00e3o de vulnerabilidade e que venham a ser afetadas pelas chuvas.<\/p>\n<p>O Drive da A\u00e7\u00e3o Ver\u00e3o ficar\u00e1 no Pr\u00f3-Hiper do Mogilar (mesmo local onde aconteceram os drives de vacina\u00e7\u00e3o) at\u00e9 o fim da campanha, em 31 de mar\u00e7o. O funcionamento na primeira semana, at\u00e9 o domingo 12\/02, ser\u00e1 das 9h \u00e0s 18h; e a partir do dia 13\/02 ser\u00e1 das 9h \u00e0s 16h. A entrada ser\u00e1 pela Avenida Prefeito Carlos Ferreira Lopes e sa\u00edda pela Avenida C\u00edvica.<\/p>\n<p>A A\u00e7\u00e3o Ver\u00e3o arrecada itens de primeira necessidade, como produtos de limpeza e de higiene pessoal, roupas de adultos e crian\u00e7as, roupas de mesa e banho, fraldas geri\u00e1tricas, absorventes e alimentos n\u00e3o perec\u00edveis.<\/p>\n<p>\u201cPrecisamos refor\u00e7ar a rede de solidariedade e cuidar da popula\u00e7\u00e3o mais vulner\u00e1vel de Mogi das Cruzes impactada pelas chuvas. A din\u00e2mica do drive facilita as doa\u00e7\u00f5es, pois as pessoas podem deixar os itens no carro, passar e entregar. \u00c9 bem simples. Vale lembrar que a popula\u00e7\u00e3o que n\u00e3o tem carro tamb\u00e9m pode ir at\u00e9 o Pr\u00f3-Hiper e doar, sem filas\u201d, destaca o presidente do Fundo Social de Mogi das Cruzes, M\u00e1rcio Maldonado.<\/p>\n<p>O Fundo Social trabalha diretamente com institui\u00e7\u00f5es sociais, associa\u00e7\u00f5es e lideran\u00e7as de bairro cadastradas. Isto \u00e9, as doa\u00e7\u00f5es s\u00e3o entregues \u00e0s entidades com cadastro ativo e cabe a elas a entrega final dos itens \u00e0s fam\u00edlias e comunidades assistidas.<\/p>\n<p>Mais informa\u00e7\u00f5es sobre a A\u00e7\u00e3o Ver\u00e3o podem ser obtidas pelo telefone do Fundo Social, que \u00e9 o 4798-5143.<\/p>\n","protected":false},"excerpt":{"rendered":"<p>O Fundo Social de Mogi das Cruzes lan\u00e7ar\u00e1 amanh\u00e3 (04\/02) o Drive Emergencial para refor\u00e7ar as doa\u00e7\u00f5es para a campanha A\u00e7\u00e3o Ver\u00e3o 2023, que\u00a0 arrecada itens essenciais para dar amparo emergencial a fam\u00edlias em situa\u00e7\u00e3o de vulnerabilidade e que venham a ser afetadas pelas chuvas. O Drive da A\u00e7\u00e3o Ver\u00e3o ficar\u00e1 no Pr\u00f3-Hiper do Mogilar [&hellip;]<\/p>\n","protected":false},"author":1,"featured_media":6110,"comment_status":"open","ping_status":"open","sticky":false,"template":"","format":"standard","meta":{"footnotes":""},"categories":[10],"tags":[],"class_list":{"0":"post-6109","1":"post","2":"type-post","3":"status-publish","4":"format-standard","5":"has-post-thumbnail","7":"category-mogi-das-cruzes"},"_links":{"self":[{"href":"https:\/\/jm-metropole.com.br\/site\/wp-json\/wp\/v2\/posts\/6109","targetHints":{"allow":["GET"]}}],"collection":[{"href":"https:\/\/jm-metropole.com.br\/site\/wp-json\/wp\/v2\/posts"}],"about":[{"href":"https:\/\/jm-metropole.com.br\/site\/wp-json\/wp\/v2\/types\/post"}],"author":[{"embeddable":true,"href":"https:\/\/jm-metropole.com.br\/site\/wp-json\/wp\/v2\/users\/1"}],"replies":[{"embeddable":true,"href":"https:\/\/jm-metropole.com.br\/site\/wp-json\/wp\/v2\/comments?post=6109"}],"version-history":[{"count":1,"href":"https:\/\/jm-metropole.com.br\/site\/wp-json\/wp\/v2\/posts\/6109\/revisions"}],"predecessor-version":[{"id":6111,"href":"https:\/\/jm-metropole.com.br\/site\/wp-json\/wp\/v2\/posts\/6109\/revisions\/6111"}],"wp:featuredmedia":[{"embeddable":true,"href":"https:\/\/jm-metropole.com.br\/site\/wp-json\/wp\/v2\/media\/6110"}],"wp:attachment":[{"href":"https:\/\/jm-metropole.com.br\/site\/wp-json\/wp\/v2\/media?parent=6109"}],"wp:term":[{"taxonomy":"category","embeddable":true,"href":"https:\/\/jm-metropole.com.br\/site\/wp-json\/wp\/v2\/categories?post=6109"},{"taxonomy":"post_tag","embeddable":true,"href":"https:\/\/jm-metropole.com.br\/site\/wp-json\/wp\/v2\/tags?post=6109"}],"curies":[{"name":"wp","href":"https:\/\/api.w.org\/{rel}","templated":true}]}}