{"id":6091,"date":"2023-02-03T16:21:49","date_gmt":"2023-02-03T19:21:49","guid":{"rendered":"https:\/\/jm-metropole.com.br\/site\/?p=6091"},"modified":"2023-02-03T16:21:49","modified_gmt":"2023-02-03T19:21:49","slug":"processo-de-escolha-dos-membros-do-conselho-de-mobilidade-urbana-e-suspenso","status":"publish","type":"post","link":"https:\/\/jm-metropole.com.br\/site\/processo-de-escolha-dos-membros-do-conselho-de-mobilidade-urbana-e-suspenso\/","title":{"rendered":"Processo de escolha dos membros do Conselho de Mobilidade Urbana \u00e9 suspenso"},"content":{"rendered":"<p>A Prefeitura de Mogi das Cruzes suspendeu, nesta sexta-feira (03\/02), o processo de escolha dos novos membros representantes da sociedade civil no Conselho Municipal de Mobilidade Urbana (CMMU). Um novo edital dever\u00e1 ser lan\u00e7ado at\u00e9 o final da pr\u00f3xima semana.<\/p>\n<p>A medida permitir\u00e1 maior oportunidade de participa\u00e7\u00e3o popular no conselho. O atual edital, que est\u00e1 suspenso, registrou baixa ades\u00e3o dos mogianos, o que chamou a aten\u00e7\u00e3o da administra\u00e7\u00e3o municipal para a necessidade de adequa\u00e7\u00f5es no procedimento.<\/p>\n<p>O CMMU \u00e9 um \u00f3rg\u00e3o que permite a participa\u00e7\u00e3o da sociedade civil nas discuss\u00f5es relativas \u00e0 mobilidade urbana de Mogi das Cruzes, incluindo tr\u00e2nsito, transporte coletivo, circula\u00e7\u00e3o de ciclistas, pedestres, entre outras atividades. Al\u00e9m dos membros da sociedade civil que ser\u00e3o eleitos, tamb\u00e9m far\u00e3o parte representantes da Prefeitura, indicados por diversos setores da administra\u00e7\u00e3o municipal ligados ao tema.<\/p>\n<p>Os interessados poder\u00e3o esclarecer d\u00favidas sobre o processo eleitoral junto \u00e0 Comiss\u00e3o Eleitoral do CMMU, pelo e-mail gabinete.smt@mogidascruzes.sp.gov.br.<\/p>\n","protected":false},"excerpt":{"rendered":"<p>A Prefeitura de Mogi das Cruzes suspendeu, nesta sexta-feira (03\/02), o processo de escolha dos novos membros representantes da sociedade civil no Conselho Municipal de Mobilidade Urbana (CMMU). Um novo edital dever\u00e1 ser lan\u00e7ado at\u00e9 o final da pr\u00f3xima semana. A medida permitir\u00e1 maior oportunidade de participa\u00e7\u00e3o popular no conselho. O atual edital, que est\u00e1 [&hellip;]<\/p>\n","protected":false},"author":1,"featured_media":6092,"comment_status":"open","ping_status":"open","sticky":false,"template":"","format":"standard","meta":{"footnotes":""},"categories":[10],"tags":[],"class_list":{"0":"post-6091","1":"post","2":"type-post","3":"status-publish","4":"format-standard","5":"has-post-thumbnail","7":"category-mogi-das-cruzes"},"_links":{"self":[{"href":"https:\/\/jm-metropole.com.br\/site\/wp-json\/wp\/v2\/posts\/6091","targetHints":{"allow":["GET"]}}],"collection":[{"href":"https:\/\/jm-metropole.com.br\/site\/wp-json\/wp\/v2\/posts"}],"about":[{"href":"https:\/\/jm-metropole.com.br\/site\/wp-json\/wp\/v2\/types\/post"}],"author":[{"embeddable":true,"href":"https:\/\/jm-metropole.com.br\/site\/wp-json\/wp\/v2\/users\/1"}],"replies":[{"embeddable":true,"href":"https:\/\/jm-metropole.com.br\/site\/wp-json\/wp\/v2\/comments?post=6091"}],"version-history":[{"count":1,"href":"https:\/\/jm-metropole.com.br\/site\/wp-json\/wp\/v2\/posts\/6091\/revisions"}],"predecessor-version":[{"id":6093,"href":"https:\/\/jm-metropole.com.br\/site\/wp-json\/wp\/v2\/posts\/6091\/revisions\/6093"}],"wp:featuredmedia":[{"embeddable":true,"href":"https:\/\/jm-metropole.com.br\/site\/wp-json\/wp\/v2\/media\/6092"}],"wp:attachment":[{"href":"https:\/\/jm-metropole.com.br\/site\/wp-json\/wp\/v2\/media?parent=6091"}],"wp:term":[{"taxonomy":"category","embeddable":true,"href":"https:\/\/jm-metropole.com.br\/site\/wp-json\/wp\/v2\/categories?post=6091"},{"taxonomy":"post_tag","embeddable":true,"href":"https:\/\/jm-metropole.com.br\/site\/wp-json\/wp\/v2\/tags?post=6091"}],"curies":[{"name":"wp","href":"https:\/\/api.w.org\/{rel}","templated":true}]}}