{"id":6084,"date":"2023-02-03T16:06:47","date_gmt":"2023-02-03T19:06:47","guid":{"rendered":"https:\/\/jm-metropole.com.br\/site\/?p=6084"},"modified":"2023-02-03T16:06:47","modified_gmt":"2023-02-03T19:06:47","slug":"reforma-do-telhado-da-ubs-sao-rafael-comeca-nesta-segunda-atendimento-seguira-normal-na-unidade","status":"publish","type":"post","link":"https:\/\/jm-metropole.com.br\/site\/reforma-do-telhado-da-ubs-sao-rafael-comeca-nesta-segunda-atendimento-seguira-normal-na-unidade\/","title":{"rendered":"Reforma do telhado da UBS S\u00e3o Rafael come\u00e7a nesta\u00a0segunda; atendimento seguir\u00e1 normal na unidade"},"content":{"rendered":"<p>Na pr\u00f3xima\u00a0segunda-feira (6) a Unidade B\u00e1sica de Sa\u00fade (UBS) S\u00e3o Rafael passar\u00e1 por uma reforma no telhado a fim de garantir o bom atendimento aos usu\u00e1rios. As consultas m\u00e9dicas e o acolhimento de enfermagem, na farm\u00e1cia e na recep\u00e7\u00e3o continuar\u00e3o funcionando no mesmo complexo.<\/p>\n<p>A Secretaria da Sa\u00fade informa ainda que os mun\u00edcipes que precisarem de servi\u00e7os de vacina\u00e7\u00e3o e curativos dever\u00e3o procurar a UBS Jardim Vila Galv\u00e3o, localizada a pouco mais de um quil\u00f4metro da unidade S\u00e3o Rafael.<\/p>\n<p>A reforma na UBS dever\u00e1 durar cerca de dois meses.<br \/>\nServi\u00e7o<br \/>\nUBS S\u00e3o Rafael &#8211; rua Domingos de Abreu, 216 &#8211; Jardim Vila Galv\u00e3o<br \/>\nUBS Jardim Vila Galv\u00e3o &#8211; rua Martim Afonso, 130 &#8211; Jardim Vila Galv\u00e3o<\/p>\n","protected":false},"excerpt":{"rendered":"<p>Na pr\u00f3xima\u00a0segunda-feira (6) a Unidade B\u00e1sica de Sa\u00fade (UBS) S\u00e3o Rafael passar\u00e1 por uma reforma no telhado a fim de garantir o bom atendimento aos usu\u00e1rios. As consultas m\u00e9dicas e o acolhimento de enfermagem, na farm\u00e1cia e na recep\u00e7\u00e3o continuar\u00e3o funcionando no mesmo complexo. A Secretaria da Sa\u00fade informa ainda que os mun\u00edcipes que precisarem [&hellip;]<\/p>\n","protected":false},"author":1,"featured_media":6085,"comment_status":"open","ping_status":"open","sticky":false,"template":"","format":"standard","meta":{"footnotes":""},"categories":[3],"tags":[],"class_list":{"0":"post-6084","1":"post","2":"type-post","3":"status-publish","4":"format-standard","5":"has-post-thumbnail","7":"category-guarulhos"},"_links":{"self":[{"href":"https:\/\/jm-metropole.com.br\/site\/wp-json\/wp\/v2\/posts\/6084","targetHints":{"allow":["GET"]}}],"collection":[{"href":"https:\/\/jm-metropole.com.br\/site\/wp-json\/wp\/v2\/posts"}],"about":[{"href":"https:\/\/jm-metropole.com.br\/site\/wp-json\/wp\/v2\/types\/post"}],"author":[{"embeddable":true,"href":"https:\/\/jm-metropole.com.br\/site\/wp-json\/wp\/v2\/users\/1"}],"replies":[{"embeddable":true,"href":"https:\/\/jm-metropole.com.br\/site\/wp-json\/wp\/v2\/comments?post=6084"}],"version-history":[{"count":1,"href":"https:\/\/jm-metropole.com.br\/site\/wp-json\/wp\/v2\/posts\/6084\/revisions"}],"predecessor-version":[{"id":6086,"href":"https:\/\/jm-metropole.com.br\/site\/wp-json\/wp\/v2\/posts\/6084\/revisions\/6086"}],"wp:featuredmedia":[{"embeddable":true,"href":"https:\/\/jm-metropole.com.br\/site\/wp-json\/wp\/v2\/media\/6085"}],"wp:attachment":[{"href":"https:\/\/jm-metropole.com.br\/site\/wp-json\/wp\/v2\/media?parent=6084"}],"wp:term":[{"taxonomy":"category","embeddable":true,"href":"https:\/\/jm-metropole.com.br\/site\/wp-json\/wp\/v2\/categories?post=6084"},{"taxonomy":"post_tag","embeddable":true,"href":"https:\/\/jm-metropole.com.br\/site\/wp-json\/wp\/v2\/tags?post=6084"}],"curies":[{"name":"wp","href":"https:\/\/api.w.org\/{rel}","templated":true}]}}