{"id":6082,"date":"2023-02-03T16:04:47","date_gmt":"2023-02-03T19:04:47","guid":{"rendered":"https:\/\/jm-metropole.com.br\/site\/?p=6082"},"modified":"2023-02-03T16:04:47","modified_gmt":"2023-02-03T19:04:47","slug":"governador-tarcisio-de-freitas-prestigia-a-passagem-do-comando-geral-da-pm","status":"publish","type":"post","link":"https:\/\/jm-metropole.com.br\/site\/governador-tarcisio-de-freitas-prestigia-a-passagem-do-comando-geral-da-pm\/","title":{"rendered":"Governador Tarc\u00edsio de Freitas prestigia a passagem do Comando Geral da PM"},"content":{"rendered":"<p>Coronel C\u00e1ssio Ara\u00fajo de Freitas assume o comando em substitui\u00e7\u00e3o ao coronel Ronaldo Miguel Vieira<\/p>\n<p>O governador de S\u00e3o Paulo, Tarc\u00edsio de Freitas, esteve nesta manh\u00e3 (3) na cerim\u00f4nia de passagem do Comando Geral da Pol\u00edcia Militar. A ocasi\u00e3o marcou a posse do coronel C\u00e1ssio Ara\u00fajo de Freitas, que assume em substitui\u00e7\u00e3o ao coronel Ronaldo Miguel Vieira. O evento aconteceu na Academia de Pol\u00edcia Militar do Barro Branco (APMBB), zona norte da capital, e contou tamb\u00e9m com a presen\u00e7a do Secret\u00e1rio de Seguran\u00e7a P\u00fablica, Guilherme Derrite.<\/p>\n<p>&#8220;Celebramos aqui uma passagem de comando, uma passagem de bast\u00e3o. E, como tudo na vida p\u00fablica, \u00e9 como se fosse uma corrida de revezamento. Algu\u00e9m nos passa o bast\u00e3o e a gente vai correr o melhor que podemos para passar esse bast\u00e3o numa situa\u00e7\u00e3o melhor do que recebemos. E a Pol\u00edcia Militar faz isso h\u00e1 191 anos com excel\u00eancia. E quando a gente investiga os motivos dessa excel\u00eancia o que eu sempre percebo \u00e9 motiva\u00e7\u00e3o, entusiasmo, comprometimento com o servi\u00e7o toda vez que visito alguma guarni\u00e7\u00e3o &#8220;, enalteceu o governador., que abriu seu discurso definindo a PM de S\u00e3o Paulo com excelente.<\/p>\n<p>O coronel C\u00e1ssio ingressou na Institui\u00e7\u00e3o em 1990 e foi promovido a coronel em 2020. Atuou em tropas especiais e operacionais, e j\u00e1 recebeu 27 medalhas e condecora\u00e7\u00f5es pelo excelente desempenho em cada fun\u00e7\u00e3o que assumiu na seguran\u00e7a p\u00fablica paulista.<\/p>\n<p>Ao longo da trajet\u00f3ria na PM, o oficial esteve \u00e0 frente dos comandos do 1\u00ba Batalh\u00e3o de Pol\u00edcia Militar Ambiental (BPAmb), 5\u00ba Batalh\u00e3o de Choque de S\u00e3o Paulo (BPChq), Comando de Policiamento de \u00c1rea Metropolitana 3 (CPA\/M 3) e Comando de Policiamento do Interior-6 (CPI-6). O \u00faltimo posto ocupado pelo coronel C\u00e1ssio foi o Comando de Policiamento Metropolitano (CPM), respons\u00e1vel pelo policiamento ostensivo da Regi\u00e3o Metropolitana de S\u00e3o Paulo.<\/p>\n<p>O subcomando-geral da institui\u00e7\u00e3o ficou a cargo do coronel Jos\u00e9 Alexander de Albuquerque Freixo, que comandava o Comando de Avia\u00e7\u00e3o (CAvPM).<\/p>\n<p>Durante o evento tamb\u00e9m houve a inaugura\u00e7\u00e3o dos retratos do Cel Ronaldo e Cel Nery, eternos Comandante e Subcomandante da PM.<\/p>\n","protected":false},"excerpt":{"rendered":"<p>Coronel C\u00e1ssio Ara\u00fajo de Freitas assume o comando em substitui\u00e7\u00e3o ao coronel Ronaldo Miguel Vieira O governador de S\u00e3o Paulo, Tarc\u00edsio de Freitas, esteve nesta manh\u00e3 (3) na cerim\u00f4nia de passagem do Comando Geral da Pol\u00edcia Militar. A ocasi\u00e3o marcou a posse do coronel C\u00e1ssio Ara\u00fajo de Freitas, que assume em substitui\u00e7\u00e3o ao coronel Ronaldo [&hellip;]<\/p>\n","protected":false},"author":1,"featured_media":5622,"comment_status":"open","ping_status":"open","sticky":false,"template":"","format":"standard","meta":{"footnotes":""},"categories":[48],"tags":[],"class_list":{"0":"post-6082","1":"post","2":"type-post","3":"status-publish","4":"format-standard","5":"has-post-thumbnail","7":"category-geral"},"_links":{"self":[{"href":"https:\/\/jm-metropole.com.br\/site\/wp-json\/wp\/v2\/posts\/6082","targetHints":{"allow":["GET"]}}],"collection":[{"href":"https:\/\/jm-metropole.com.br\/site\/wp-json\/wp\/v2\/posts"}],"about":[{"href":"https:\/\/jm-metropole.com.br\/site\/wp-json\/wp\/v2\/types\/post"}],"author":[{"embeddable":true,"href":"https:\/\/jm-metropole.com.br\/site\/wp-json\/wp\/v2\/users\/1"}],"replies":[{"embeddable":true,"href":"https:\/\/jm-metropole.com.br\/site\/wp-json\/wp\/v2\/comments?post=6082"}],"version-history":[{"count":1,"href":"https:\/\/jm-metropole.com.br\/site\/wp-json\/wp\/v2\/posts\/6082\/revisions"}],"predecessor-version":[{"id":6083,"href":"https:\/\/jm-metropole.com.br\/site\/wp-json\/wp\/v2\/posts\/6082\/revisions\/6083"}],"wp:featuredmedia":[{"embeddable":true,"href":"https:\/\/jm-metropole.com.br\/site\/wp-json\/wp\/v2\/media\/5622"}],"wp:attachment":[{"href":"https:\/\/jm-metropole.com.br\/site\/wp-json\/wp\/v2\/media?parent=6082"}],"wp:term":[{"taxonomy":"category","embeddable":true,"href":"https:\/\/jm-metropole.com.br\/site\/wp-json\/wp\/v2\/categories?post=6082"},{"taxonomy":"post_tag","embeddable":true,"href":"https:\/\/jm-metropole.com.br\/site\/wp-json\/wp\/v2\/tags?post=6082"}],"curies":[{"name":"wp","href":"https:\/\/api.w.org\/{rel}","templated":true}]}}