{"id":6078,"date":"2023-02-03T16:02:58","date_gmt":"2023-02-03T19:02:58","guid":{"rendered":"https:\/\/jm-metropole.com.br\/site\/?p=6078"},"modified":"2023-02-03T16:02:58","modified_gmt":"2023-02-03T19:02:58","slug":"guarulhos-passa-a-contar-com-mais-50-vagas-para-acolher-migrantes-e-refugiados","status":"publish","type":"post","link":"https:\/\/jm-metropole.com.br\/site\/guarulhos-passa-a-contar-com-mais-50-vagas-para-acolher-migrantes-e-refugiados\/","title":{"rendered":"Guarulhos passa a contar com mais 50 vagas para acolher migrantes e refugiados"},"content":{"rendered":"<p>A cidade de Guarulhos passa a contar a partir desta\u00a0sexta-feira (3) com mais um equipamento para o acolhimento de cidad\u00e3os afeg\u00e3os que ingressam no Brasil pela cidade. Trata-se da Resid\u00eancia para Migrantes e Refugiados Terra Nova Guarulhos, inaugurada pelo governo do Estado de S\u00e3o Paulo, com 50 vagas. A abertura do local permitiu zerar a fila de afeg\u00e3os que aguardavam abrigo no Terminal II do aeroporto internacional nesta manh\u00e3.<\/p>\n<p>A unidade conta com oito quartos, brinquedoteca, sala de estar, cozinha e refeit\u00f3rio, onde os acolhidos poder\u00e3o preparar seus alimentos conforme suas tradi\u00e7\u00f5es e prefer\u00eancias.<\/p>\n<p>\u201cCada vaga aberta na cidade \u00e9 um conforto maior para essas pessoas que est\u00e3o em busca de uma nova vida. Eles precisam de um local seguro pra recome\u00e7ar, e n\u00f3s estamos nos esfor\u00e7ando ao m\u00e1ximo para tornar esse momento o mais confort\u00e1vel poss\u00edvel\u201d, afirmou o prefeito Guti.<\/p>\n<p>O secret\u00e1rio de Desenvolvimento Social do Estado de S\u00e3o Paulo, Gilberto Nascimento, visitou a resid\u00eancia na manh\u00e3 desta\u00a0sexta-feira e afirmou que \u00e9 necess\u00e1rio\u00a0ter\u00a0empatia para entender as diferen\u00e7as culturais. \u201cEles v\u00eam para um pa\u00eds de cultura, popula\u00e7\u00e3o, ambiente e h\u00e1bitos diferentes, o que \u00e9 uma condi\u00e7\u00e3o cr\u00edtica pra cada uma dessas pessoas. Precisamos aprender com eles para melhor acolher. Cada vida transformada tem que ser comemorada\u201d, comentou.<\/p>\n<p>Foto: Ivanildo Porto\/PMG<\/p>\n","protected":false},"excerpt":{"rendered":"<p>A cidade de Guarulhos passa a contar a partir desta\u00a0sexta-feira (3) com mais um equipamento para o acolhimento de cidad\u00e3os afeg\u00e3os que ingressam no Brasil pela cidade. Trata-se da Resid\u00eancia para Migrantes e Refugiados Terra Nova Guarulhos, inaugurada pelo governo do Estado de S\u00e3o Paulo, com 50 vagas. A abertura do local permitiu zerar a [&hellip;]<\/p>\n","protected":false},"author":1,"featured_media":6079,"comment_status":"open","ping_status":"open","sticky":false,"template":"","format":"standard","meta":{"footnotes":""},"categories":[3],"tags":[],"class_list":{"0":"post-6078","1":"post","2":"type-post","3":"status-publish","4":"format-standard","5":"has-post-thumbnail","7":"category-guarulhos"},"_links":{"self":[{"href":"https:\/\/jm-metropole.com.br\/site\/wp-json\/wp\/v2\/posts\/6078","targetHints":{"allow":["GET"]}}],"collection":[{"href":"https:\/\/jm-metropole.com.br\/site\/wp-json\/wp\/v2\/posts"}],"about":[{"href":"https:\/\/jm-metropole.com.br\/site\/wp-json\/wp\/v2\/types\/post"}],"author":[{"embeddable":true,"href":"https:\/\/jm-metropole.com.br\/site\/wp-json\/wp\/v2\/users\/1"}],"replies":[{"embeddable":true,"href":"https:\/\/jm-metropole.com.br\/site\/wp-json\/wp\/v2\/comments?post=6078"}],"version-history":[{"count":1,"href":"https:\/\/jm-metropole.com.br\/site\/wp-json\/wp\/v2\/posts\/6078\/revisions"}],"predecessor-version":[{"id":6080,"href":"https:\/\/jm-metropole.com.br\/site\/wp-json\/wp\/v2\/posts\/6078\/revisions\/6080"}],"wp:featuredmedia":[{"embeddable":true,"href":"https:\/\/jm-metropole.com.br\/site\/wp-json\/wp\/v2\/media\/6079"}],"wp:attachment":[{"href":"https:\/\/jm-metropole.com.br\/site\/wp-json\/wp\/v2\/media?parent=6078"}],"wp:term":[{"taxonomy":"category","embeddable":true,"href":"https:\/\/jm-metropole.com.br\/site\/wp-json\/wp\/v2\/categories?post=6078"},{"taxonomy":"post_tag","embeddable":true,"href":"https:\/\/jm-metropole.com.br\/site\/wp-json\/wp\/v2\/tags?post=6078"}],"curies":[{"name":"wp","href":"https:\/\/api.w.org\/{rel}","templated":true}]}}