{"id":6075,"date":"2023-02-03T15:21:52","date_gmt":"2023-02-03T18:21:52","guid":{"rendered":"https:\/\/jm-metropole.com.br\/site\/?p=6075"},"modified":"2023-02-03T15:21:52","modified_gmt":"2023-02-03T18:21:52","slug":"1o-festival-de-verao-de-guararema-chega-ao-ultimo-final-de-semana-com-programacao-repleta-de-atracoes","status":"publish","type":"post","link":"https:\/\/jm-metropole.com.br\/site\/1o-festival-de-verao-de-guararema-chega-ao-ultimo-final-de-semana-com-programacao-repleta-de-atracoes\/","title":{"rendered":"1\u00ba Festival de Ver\u00e3o de Guararema chega ao \u00faltimo final de semana com programa\u00e7\u00e3o repleta de atra\u00e7\u00f5es"},"content":{"rendered":"<p>Evento conta com programa\u00e7\u00e3o musical, cultural, esportiva e gastron\u00f4mica<\/p>\n<p>Comida boa, cultura, muita m\u00fasica e divers\u00e3o. Tudo isso no cen\u00e1rio espetacular que Guararema proporciona a todos. Assim pode ser descrito o 1\u00ba Festival de Ver\u00e3o de Guararema, que chega ao seu \u00faltimo final de semana com uma programa\u00e7\u00e3o completa para todos os gostos.<\/p>\n<p>No Parque de Lazer Professora Deocl\u00e9sia de Almeida Mello, a Feira Noturna Gastron\u00f4mica tem in\u00edcio \u00e0s 17 horas desta sexta-feira (03). No mesmo dia, a Secretaria de Cultura e Turismo realiza o evento de lan\u00e7amento de importantes livros para a hist\u00f3ria de Guararema. A partir das 18h30, na Esta\u00e7\u00e3o Liter\u00e1ria Prof\u00aa Maria de Lourdes \u00c9vora Camargo, ser\u00e3o lan\u00e7ados os livros da Cole\u00e7\u00e3o Mem\u00f3rias de Guararema, Biografias I e II e o Portal Pr\u00f3-Mem\u00f3ria, com a apresenta\u00e7\u00e3o ao piano de Diego Novaes logo em seguida.<br \/>\nJ\u00e1 no s\u00e1bado (04), a partir das 10 horas, no Parque de Lazer Prof\u00aa Deocl\u00e9sia de Almeida Mello tem in\u00edcio a atra\u00e7\u00e3o Esta\u00e7\u00e3o Liter\u00e1ria na Pra\u00e7a, com Conta\u00e7\u00e3o de Hist\u00f3ria, Cantinho da Leitura, Oficinas e muito mais. O local ainda contar\u00e1 com atra\u00e7\u00e3o circense, show de rock e projeto #Samba de Rua ao longo do dia.<\/p>\n<p>J\u00e1 na Vila de Lu\u00eds Carlos, \u00e0s 14h30, o Trio de Dois toca os cl\u00e1ssicos do rock no Projeto Som nos Trilhos.<\/p>\n<p>No domingo (04), o 1\u00ba Festival de Ver\u00e3o de Guararema chega ao fim. A programa\u00e7\u00e3o come\u00e7a pela manh\u00e3, \u00e0s 11 horas, com atividade de Gin\u00e1stica no Parque de Lazer Prof\u00aa Deocl\u00e9sia de Almeida Mello, onde mais tarde tamb\u00e9m ocorrem shows de Pop\/Rock.<br \/>\nJ\u00e1 na Vila de Luis Carlos, muita m\u00fasica. \u00c0s 11 horas tem Som nos Trilhos, com Ant\u00f4nio Felipe e muita MPB e, mais tarde, \u00e0s 14h30, Projeto #Samba de Rua.<\/p>\n","protected":false},"excerpt":{"rendered":"<p>Evento conta com programa\u00e7\u00e3o musical, cultural, esportiva e gastron\u00f4mica Comida boa, cultura, muita m\u00fasica e divers\u00e3o. Tudo isso no cen\u00e1rio espetacular que Guararema proporciona a todos. Assim pode ser descrito o 1\u00ba Festival de Ver\u00e3o de Guararema, que chega ao seu \u00faltimo final de semana com uma programa\u00e7\u00e3o completa para todos os gostos. No Parque [&hellip;]<\/p>\n","protected":false},"author":1,"featured_media":6076,"comment_status":"open","ping_status":"open","sticky":false,"template":"","format":"standard","meta":{"footnotes":""},"categories":[8],"tags":[],"class_list":{"0":"post-6075","1":"post","2":"type-post","3":"status-publish","4":"format-standard","5":"has-post-thumbnail","7":"category-guararema"},"_links":{"self":[{"href":"https:\/\/jm-metropole.com.br\/site\/wp-json\/wp\/v2\/posts\/6075","targetHints":{"allow":["GET"]}}],"collection":[{"href":"https:\/\/jm-metropole.com.br\/site\/wp-json\/wp\/v2\/posts"}],"about":[{"href":"https:\/\/jm-metropole.com.br\/site\/wp-json\/wp\/v2\/types\/post"}],"author":[{"embeddable":true,"href":"https:\/\/jm-metropole.com.br\/site\/wp-json\/wp\/v2\/users\/1"}],"replies":[{"embeddable":true,"href":"https:\/\/jm-metropole.com.br\/site\/wp-json\/wp\/v2\/comments?post=6075"}],"version-history":[{"count":1,"href":"https:\/\/jm-metropole.com.br\/site\/wp-json\/wp\/v2\/posts\/6075\/revisions"}],"predecessor-version":[{"id":6077,"href":"https:\/\/jm-metropole.com.br\/site\/wp-json\/wp\/v2\/posts\/6075\/revisions\/6077"}],"wp:featuredmedia":[{"embeddable":true,"href":"https:\/\/jm-metropole.com.br\/site\/wp-json\/wp\/v2\/media\/6076"}],"wp:attachment":[{"href":"https:\/\/jm-metropole.com.br\/site\/wp-json\/wp\/v2\/media?parent=6075"}],"wp:term":[{"taxonomy":"category","embeddable":true,"href":"https:\/\/jm-metropole.com.br\/site\/wp-json\/wp\/v2\/categories?post=6075"},{"taxonomy":"post_tag","embeddable":true,"href":"https:\/\/jm-metropole.com.br\/site\/wp-json\/wp\/v2\/tags?post=6075"}],"curies":[{"name":"wp","href":"https:\/\/api.w.org\/{rel}","templated":true}]}}