{"id":6072,"date":"2023-02-03T15:17:44","date_gmt":"2023-02-03T18:17:44","guid":{"rendered":"https:\/\/jm-metropole.com.br\/site\/?p=6072"},"modified":"2023-02-03T15:18:42","modified_gmt":"2023-02-03T18:18:42","slug":"carnaval-de-santa-isabel-homenageara-homero-e-maria-baiana","status":"publish","type":"post","link":"https:\/\/jm-metropole.com.br\/site\/carnaval-de-santa-isabel-homenageara-homero-e-maria-baiana\/","title":{"rendered":"CARNAVAL DE SANTA ISABEL HOMENAGEAR\u00c1 HOMERO E MARIA BAIANA"},"content":{"rendered":"<p>Santa Isabel ter\u00e1 em 2023 um Carnaval repleto de significado. A festa traz uma homenagem a dois \u00edcones da cultura isabelense; Homero Vallone e Maria Baiana, ambos com hist\u00f3rias entrela\u00e7adas a cultura local. O tema carnavalesco foi nomeado &#8220;Homeria Baiana&#8221;, em refer\u00eancia aos nomes dos personagens, que deixaram vivos legados vindos de outros carnavais.<\/p>\n<p>Entre os dias 17 e 21 de fevereiro, a festa organizada pela Prefeitura de Santa Isabel trar\u00e1 atra\u00e7\u00f5es divididas em quatro noites, al\u00e9m de matin\u00eas diurnas para p\u00fablicos de todas as idades. Dentre as refer\u00eancias aos homenageados, se destaca o samba enredo do evento, que trar\u00e1 um pouco da hist\u00f3ria de cada um deles.<\/p>\n<p>Homero Jos\u00e9 Vallone nasceu em Santa Isabel na d\u00e9cada de 60, e seu primeiro contato com a cultura foi por meio da m\u00fasica, quando tocou na fanfarra municipal.<\/p>\n<p>Mas esse foi apenas o passo inicial de uma vida voltada a tantas express\u00f5es art\u00edsticas. Homero organizava desfiles, bailes, eventos e concursos que movimentavam a cidade. Fez parte de importantes projetos voltados a cultura isabelense, sempre com ideias a frente de seu tempo, e vontade de trabalhar pelo munic\u00edpio!<\/p>\n<p>Nos Carnavais, como servidor p\u00fablico, trabalhava todos os dias atuando em diferentes setores da festa e acompanhando de perto cada detalhe. No ano passado, um problema card\u00edaco p\u00f4s um ponto final a trajet\u00f3ria de Homero. Em 05 de junho de 2022, ele faleceu, deixando seu irm\u00e3o Agenor, e suas sobrinhas, Kaiane e Lorena, al\u00e9m de muitos amigos e um legado valioso sobre a mem\u00f3ria cultural de Santa Isabel.<\/p>\n<p>J\u00e1 Maria das Merc\u00eas Pereira dos Santos, mais conhecida como Maria Baiana, nasceu em Minas Gerais, em 1952. A mineira, de cora\u00e7\u00e3o isabelense, firmou-se como uma das maiores entusiastas do Carnaval de Santa Isabel, atuando nas comemora\u00e7\u00f5es desde a d\u00e9cada de 70. Um de seus principais feitos foi ter fundado a Escola de Samba Imperatriz do Jardim Eldorado, que em seu auge, contou com cerca de 300 membros, e 150 instrumentos.<\/p>\n<p>A atua\u00e7\u00e3o de Maria Baiana n\u00e3o ficou restrita ao setor cultural, mas tamb\u00e9m contou com importantes a\u00e7\u00f5es sociais, como entrega de cestas b\u00e1sicas \u00e0 fam\u00edlias carentes, e distribui\u00e7\u00e3o de alimentos \u00e0 pessoas em situa\u00e7\u00e3o de rua, al\u00e9m do uso da cozinha da Delegacia de Pol\u00edcia Civil de Santa Isabel para cozinhar em a\u00e7\u00f5es sociais.<\/p>\n<p>Os que conviveram com Maria Baiana, destacam sua personalidade marcante, seu jeito expansivo e sua vontade de ajudar ao pr\u00f3ximo e defender as minorias.<\/p>\n<p>Essas caracter\u00edsticas fizeram dela uma figura inesquec\u00edvel para Santa Isabel, principalmente por todo valor cultural conquistado em anos de atua\u00e7\u00e3o.<\/p>\n","protected":false},"excerpt":{"rendered":"<p>Santa Isabel ter\u00e1 em 2023 um Carnaval repleto de significado. A festa traz uma homenagem a dois \u00edcones da cultura isabelense; Homero Vallone e Maria Baiana, ambos com hist\u00f3rias entrela\u00e7adas a cultura local. O tema carnavalesco foi nomeado &#8220;Homeria Baiana&#8221;, em refer\u00eancia aos nomes dos personagens, que deixaram vivos legados vindos de outros carnavais. Entre [&hellip;]<\/p>\n","protected":false},"author":1,"featured_media":6074,"comment_status":"open","ping_status":"open","sticky":false,"template":"","format":"standard","meta":{"footnotes":""},"categories":[5],"tags":[],"class_list":{"0":"post-6072","1":"post","2":"type-post","3":"status-publish","4":"format-standard","5":"has-post-thumbnail","7":"category-santa-isabel"},"_links":{"self":[{"href":"https:\/\/jm-metropole.com.br\/site\/wp-json\/wp\/v2\/posts\/6072","targetHints":{"allow":["GET"]}}],"collection":[{"href":"https:\/\/jm-metropole.com.br\/site\/wp-json\/wp\/v2\/posts"}],"about":[{"href":"https:\/\/jm-metropole.com.br\/site\/wp-json\/wp\/v2\/types\/post"}],"author":[{"embeddable":true,"href":"https:\/\/jm-metropole.com.br\/site\/wp-json\/wp\/v2\/users\/1"}],"replies":[{"embeddable":true,"href":"https:\/\/jm-metropole.com.br\/site\/wp-json\/wp\/v2\/comments?post=6072"}],"version-history":[{"count":1,"href":"https:\/\/jm-metropole.com.br\/site\/wp-json\/wp\/v2\/posts\/6072\/revisions"}],"predecessor-version":[{"id":6073,"href":"https:\/\/jm-metropole.com.br\/site\/wp-json\/wp\/v2\/posts\/6072\/revisions\/6073"}],"wp:featuredmedia":[{"embeddable":true,"href":"https:\/\/jm-metropole.com.br\/site\/wp-json\/wp\/v2\/media\/6074"}],"wp:attachment":[{"href":"https:\/\/jm-metropole.com.br\/site\/wp-json\/wp\/v2\/media?parent=6072"}],"wp:term":[{"taxonomy":"category","embeddable":true,"href":"https:\/\/jm-metropole.com.br\/site\/wp-json\/wp\/v2\/categories?post=6072"},{"taxonomy":"post_tag","embeddable":true,"href":"https:\/\/jm-metropole.com.br\/site\/wp-json\/wp\/v2\/tags?post=6072"}],"curies":[{"name":"wp","href":"https:\/\/api.w.org\/{rel}","templated":true}]}}