{"id":6062,"date":"2023-02-03T12:48:53","date_gmt":"2023-02-03T15:48:53","guid":{"rendered":"https:\/\/jm-metropole.com.br\/site\/?p=6062"},"modified":"2023-02-03T12:48:53","modified_gmt":"2023-02-03T15:48:53","slug":"governador-acompanha-acoes-de-acolhimento-na-volta-as-aulas-da-rede-estadual","status":"publish","type":"post","link":"https:\/\/jm-metropole.com.br\/site\/governador-acompanha-acoes-de-acolhimento-na-volta-as-aulas-da-rede-estadual\/","title":{"rendered":"Governador acompanha a\u00e7\u00f5es de acolhimento na volta \u00e0s aulas da rede estadual"},"content":{"rendered":"<p>Escolas estaduais desenvolveram atividades especiais para receber os novos alunos<\/p>\n<p>O governador Tarc\u00edsio de Freitas e o secret\u00e1rio da Educa\u00e7\u00e3o, Renato Feder, acompanharam nesta sexta-feira (3) a volta \u00e0s aulas na Escola Estadual Professor R\u00f4mulo Pero, na zona norte da capital. Ao todo, 3,3 milh\u00f5es de estudantes retornaram \u00e0s salas de aula das mais de 5,3 mil escolas da rede estadual de S\u00e3o Paulo. Em todo estado, alunos foram recebidos com atividades de acolhimento que promovem inclus\u00e3o e integra\u00e7\u00e3o nas primeiras semanas do ano letivo.<\/p>\n<p>\u201c\u00c9 um momento muito legal da vida. Momento que voc\u00ea faz amizades que s\u00e3o para a vida toda. At\u00e9 hoje, quando passo pelas escolas que estudei eu sinto saudades. Tenho um carinho muito especial pelas escolas\u201d, afirmou o Tarc\u00edsio de Freitas.<\/p>\n<p>A escola visitada por Tarc\u00edsio e Feder preparou uma s\u00e9rie de atividades para realizar a escuta ativa dos novos estudantes, al\u00e9m de a\u00e7\u00f5es que auxiliam no reconhecimento do protagonismo escolar. Entre elas, a din\u00e2mica Escalada do Ensino m\u00e9dio, na qual cada aluno registra um sonho em papel e dialoga com os colegas sobre as metas que podem auxili\u00e1-lo nessa conquista.<\/p>\n<p>O governador Tarc\u00edsio de Freitas tamb\u00e9m destacou a import\u00e2ncia em refor\u00e7ar as atuais unidades de ensino em tempo integral. \u201cEstamos focados em fortalecer, investir e qualificar essas que j\u00e1 existem. Temos um desafio adicional que \u00e9 incluir o ensino profissionalizante, transformando as escolas de ensino m\u00e9dio em centros de forma\u00e7\u00e3o profissional&#8221;.<\/p>\n<p>A secretaria da Educa\u00e7\u00e3o tamb\u00e9m trabalha para aprimorar as demais unidades da rede, tornando-as mais atrativas aos estudantes da rede, com novas propostas pedag\u00f3gicas e tecnol\u00f3gicas. &#8220;Ainda no primeiro semestre queremos que os alunos se dirijam aos computadores para estudar portugu\u00eas, matem\u00e1tica, estudar ingl\u00eas e programa\u00e7\u00e3o de computador\u201d, disse o secret\u00e1rio de Educa\u00e7\u00e3o, Renato Feder.<\/p>\n<p>Ano Letivo e distribui\u00e7\u00e3o do material escolar<\/p>\n<p>O primeiro semestre vai at\u00e9 30 de junho e o recesso do meio do ano at\u00e9 24 de julho, sendo o \u00faltimo dia dedicado a mais um momento de planejamento. O segundo semestre come\u00e7a no dia 25 de julho e se encerra ao final do ano letivo em 15 de dezembro.<\/p>\n<p>A partir do primeiro dia letivo cada unidade entrega o material diretamente aos estudantes. Para esse ano a Funda\u00e7\u00e3o para o Desenvolvimento da Educa\u00e7\u00e3o (FDE) investiu mais de R$ 122 milh\u00f5es para aquisi\u00e7\u00e3o dos kits que variam conforme o ciclo do aluno.<\/p>\n","protected":false},"excerpt":{"rendered":"<p>Escolas estaduais desenvolveram atividades especiais para receber os novos alunos O governador Tarc\u00edsio de Freitas e o secret\u00e1rio da Educa\u00e7\u00e3o, Renato Feder, acompanharam nesta sexta-feira (3) a volta \u00e0s aulas na Escola Estadual Professor R\u00f4mulo Pero, na zona norte da capital. Ao todo, 3,3 milh\u00f5es de estudantes retornaram \u00e0s salas de aula das mais de [&hellip;]<\/p>\n","protected":false},"author":1,"featured_media":6063,"comment_status":"open","ping_status":"open","sticky":false,"template":"","format":"standard","meta":{"footnotes":""},"categories":[48],"tags":[],"class_list":{"0":"post-6062","1":"post","2":"type-post","3":"status-publish","4":"format-standard","5":"has-post-thumbnail","7":"category-geral"},"_links":{"self":[{"href":"https:\/\/jm-metropole.com.br\/site\/wp-json\/wp\/v2\/posts\/6062","targetHints":{"allow":["GET"]}}],"collection":[{"href":"https:\/\/jm-metropole.com.br\/site\/wp-json\/wp\/v2\/posts"}],"about":[{"href":"https:\/\/jm-metropole.com.br\/site\/wp-json\/wp\/v2\/types\/post"}],"author":[{"embeddable":true,"href":"https:\/\/jm-metropole.com.br\/site\/wp-json\/wp\/v2\/users\/1"}],"replies":[{"embeddable":true,"href":"https:\/\/jm-metropole.com.br\/site\/wp-json\/wp\/v2\/comments?post=6062"}],"version-history":[{"count":1,"href":"https:\/\/jm-metropole.com.br\/site\/wp-json\/wp\/v2\/posts\/6062\/revisions"}],"predecessor-version":[{"id":6064,"href":"https:\/\/jm-metropole.com.br\/site\/wp-json\/wp\/v2\/posts\/6062\/revisions\/6064"}],"wp:featuredmedia":[{"embeddable":true,"href":"https:\/\/jm-metropole.com.br\/site\/wp-json\/wp\/v2\/media\/6063"}],"wp:attachment":[{"href":"https:\/\/jm-metropole.com.br\/site\/wp-json\/wp\/v2\/media?parent=6062"}],"wp:term":[{"taxonomy":"category","embeddable":true,"href":"https:\/\/jm-metropole.com.br\/site\/wp-json\/wp\/v2\/categories?post=6062"},{"taxonomy":"post_tag","embeddable":true,"href":"https:\/\/jm-metropole.com.br\/site\/wp-json\/wp\/v2\/tags?post=6062"}],"curies":[{"name":"wp","href":"https:\/\/api.w.org\/{rel}","templated":true}]}}