{"id":6059,"date":"2023-02-03T12:45:20","date_gmt":"2023-02-03T15:45:20","guid":{"rendered":"https:\/\/jm-metropole.com.br\/site\/?p=6059"},"modified":"2023-02-03T12:45:20","modified_gmt":"2023-02-03T15:45:20","slug":"guarulhos-amplia-a-vacinacao-contra-a-meningite-c-para-pessoas-de-15-a-59-anos","status":"publish","type":"post","link":"https:\/\/jm-metropole.com.br\/site\/guarulhos-amplia-a-vacinacao-contra-a-meningite-c-para-pessoas-de-15-a-59-anos\/","title":{"rendered":"Guarulhos amplia a vacina\u00e7\u00e3o contra a meningite C para pessoas de 15 a 59 anos \u00a0"},"content":{"rendered":"<p>A partir desta\u00a0sexta-feira (3) a Prefeitura de Guarulhos amplia a faixa et\u00e1ria de vacina\u00e7\u00e3o contra a meningite C para pessoas de 15 a 59 anos. O imunizante estar\u00e1 dispon\u00edvel em todas Unidades B\u00e1sicas de Sa\u00fade (UBS) do munic\u00edpio at\u00e9 que o estoque da campanha seja finalizado.<\/p>\n<p>A vacina contra a meningite C faz parte do Calend\u00e1rio Nacional de Vacina\u00e7\u00e3o, sendo indicadas duas doses, aos tr\u00eas e aos cinco meses de idade, e um refor\u00e7o preferencialmente aos 12 meses.<\/p>\n<p>At\u00e9 fevereiro de 2023 o Minist\u00e9rio da Sa\u00fade ampliou o grupo de vacina\u00e7\u00e3o para crian\u00e7as com at\u00e9 dez anos que nunca foram vacinadas, al\u00e9m dos trabalhadores da sa\u00fade. No entanto, a Prefeitura inicia j\u00e1 a partir desta\u00a0sexta\u00a0a nova faixa et\u00e1ria de vacina\u00e7\u00e3o, que contempla tamb\u00e9m os adultos.<\/p>\n<p>Sobre a infec\u00e7\u00e3o<br \/>\nA meningoc\u00f3cica \u00e9 uma infec\u00e7\u00e3o bacteriana aguda que pode causar meningite (infec\u00e7\u00e3o do c\u00e9rebro e da medula espinhal) e septicemia (infec\u00e7\u00e3o da corrente sangu\u00ednea). Essa enfermidade, embora possa acontecer em qualquer idade, \u00e9 mais frequente em crian\u00e7as com menos de cinco anos. Dessa maneira, a Secretaria da Sa\u00fade de Guarulhos refor\u00e7a a import\u00e2ncia da imuniza\u00e7\u00e3o para evitar a ocorr\u00eancia de surtos, hospitaliza\u00e7\u00f5es, sequelas, tratamentos de reabilita\u00e7\u00e3o e \u00f3bitos.<\/p>\n<p>Servi\u00e7o<br \/>\nOs endere\u00e7os das UBS de Guarulhos podem ser consultados em\u00a0www.guarulhos.sp.gov.br\/unidades-basicas-de-saude-ubs.<\/p>\n","protected":false},"excerpt":{"rendered":"<p>A partir desta\u00a0sexta-feira (3) a Prefeitura de Guarulhos amplia a faixa et\u00e1ria de vacina\u00e7\u00e3o contra a meningite C para pessoas de 15 a 59 anos. O imunizante estar\u00e1 dispon\u00edvel em todas Unidades B\u00e1sicas de Sa\u00fade (UBS) do munic\u00edpio at\u00e9 que o estoque da campanha seja finalizado. A vacina contra a meningite C faz parte do [&hellip;]<\/p>\n","protected":false},"author":1,"featured_media":6060,"comment_status":"open","ping_status":"open","sticky":false,"template":"","format":"standard","meta":{"footnotes":""},"categories":[3],"tags":[],"class_list":{"0":"post-6059","1":"post","2":"type-post","3":"status-publish","4":"format-standard","5":"has-post-thumbnail","7":"category-guarulhos"},"_links":{"self":[{"href":"https:\/\/jm-metropole.com.br\/site\/wp-json\/wp\/v2\/posts\/6059","targetHints":{"allow":["GET"]}}],"collection":[{"href":"https:\/\/jm-metropole.com.br\/site\/wp-json\/wp\/v2\/posts"}],"about":[{"href":"https:\/\/jm-metropole.com.br\/site\/wp-json\/wp\/v2\/types\/post"}],"author":[{"embeddable":true,"href":"https:\/\/jm-metropole.com.br\/site\/wp-json\/wp\/v2\/users\/1"}],"replies":[{"embeddable":true,"href":"https:\/\/jm-metropole.com.br\/site\/wp-json\/wp\/v2\/comments?post=6059"}],"version-history":[{"count":1,"href":"https:\/\/jm-metropole.com.br\/site\/wp-json\/wp\/v2\/posts\/6059\/revisions"}],"predecessor-version":[{"id":6061,"href":"https:\/\/jm-metropole.com.br\/site\/wp-json\/wp\/v2\/posts\/6059\/revisions\/6061"}],"wp:featuredmedia":[{"embeddable":true,"href":"https:\/\/jm-metropole.com.br\/site\/wp-json\/wp\/v2\/media\/6060"}],"wp:attachment":[{"href":"https:\/\/jm-metropole.com.br\/site\/wp-json\/wp\/v2\/media?parent=6059"}],"wp:term":[{"taxonomy":"category","embeddable":true,"href":"https:\/\/jm-metropole.com.br\/site\/wp-json\/wp\/v2\/categories?post=6059"},{"taxonomy":"post_tag","embeddable":true,"href":"https:\/\/jm-metropole.com.br\/site\/wp-json\/wp\/v2\/tags?post=6059"}],"curies":[{"name":"wp","href":"https:\/\/api.w.org\/{rel}","templated":true}]}}