{"id":6045,"date":"2023-02-03T08:24:25","date_gmt":"2023-02-03T11:24:25","guid":{"rendered":"https:\/\/jm-metropole.com.br\/site\/?p=6045"},"modified":"2023-02-03T08:24:25","modified_gmt":"2023-02-03T11:24:25","slug":"governador-tarcisio-de-freitas-debate-parcerias-em-meio-ambiente-tecnologia-governo-digital-e-educacao-com-paises-nordicos","status":"publish","type":"post","link":"https:\/\/jm-metropole.com.br\/site\/governador-tarcisio-de-freitas-debate-parcerias-em-meio-ambiente-tecnologia-governo-digital-e-educacao-com-paises-nordicos\/","title":{"rendered":"Governador Tarc\u00edsio de Freitas debate parcerias em meio ambiente, tecnologia, governo digital e educa\u00e7\u00e3o com pa\u00edses n\u00f3rdicos"},"content":{"rendered":"<p>Encontro reuniu autoridades do Governo de S\u00e3o Paulo e embaixadores da Noruega, Su\u00e9cia, Finl\u00e2ndia e Dinamarca<\/p>\n<p>O governador Tarc\u00edsio de Freitas recebeu nesta quarta-feira (1), no Pal\u00e1cio dos Bandeirantes, os quatro embaixadores dos pa\u00edses n\u00f3rdicos: Odd Magne Rudd (Noruega), Karin Wallensteen (Su\u00e9cia), Johanna Karanko (Finl\u00e2ndia) e Eva Pedersen (Dinamarca). As quatro na\u00e7\u00f5es compartilham os mesmos valores e trabalham juntas em diversas frentes, motivo da agenda conjunta junto ao Governo de S\u00e3o Paulo.<\/p>\n<p>Tamb\u00e9m participaram do encontro o secret\u00e1rio de Neg\u00f3cios Internacionais, Lucas Ferraz, e a secret\u00e1ria de Meio Ambiente, Infraestrutura e Log\u00edstica, Nat\u00e1lia Resende.<\/p>\n<p>O governador e os embaixadores identificaram \u00e1reas para coopera\u00e7\u00f5es futuras como educa\u00e7\u00e3o, governo digital, igualdade de g\u00eanero, transi\u00e7\u00e3o energ\u00e9tica, economia circular, tecnologia, estudos para o 6G, ciberseguran\u00e7a, pesquisa e inova\u00e7\u00e3o, Intelig\u00eancia Artificial, sa\u00fade e aeron\u00e1utica, entre outros.<\/p>\n<p>\u201cPa\u00edses n\u00f3rdicos s\u00e3o refer\u00eancia em transpar\u00eancia, bem-estar e gest\u00e3o. Tudo isso \u00e9 aderente \u00e0 vis\u00e3o de futuro do Estado de S\u00e3o Paulo. Queremos fazer a vida do cidad\u00e3o menos burocr\u00e1tica, tornar a educa\u00e7\u00e3o mais igualit\u00e1ria e para isso nos espelhamos neles\u201d, disse Tarc\u00edsio de Freitas.<\/p>\n<p>Durante a reuni\u00e3o, o governador abordou o objetivo da Secretaria de Neg\u00f3cios Internacionais na atra\u00e7\u00e3o de investidores e na formula\u00e7\u00e3o de pol\u00edticas p\u00fablicas de facilita\u00e7\u00e3o e promo\u00e7\u00e3o de com\u00e9rcio. Tamb\u00e9m explicou o papel da Secretaria de Parcerias em Investimentos, sobretudo para os projetos de infraestrutura e privatiza\u00e7\u00f5es, e da Secretaria de Meio Ambiente, Infraestrutura e Log\u00edstica, que tem como prioridade garantir que a sustentabilidade seja transversal em todos os projetos do Estado.<\/p>\n<p>Aproxima\u00e7\u00e3o<\/p>\n<p>O secret\u00e1rio Lucas Ferraz prop\u00f4s uma agenda conjunta do Governo de S\u00e3o Paulo com o empresariado escandinavo para apresentar os programas que est\u00e3o sendo desenvolvidos pelas secretarias. \u201cEm uma estimativa conservadora, temos cerca de 500 empresas n\u00f3rdicas do Estado de S\u00e3o Paulo. Nossa agenda de governo permitir\u00e1 a expans\u00e3o delas e a atra\u00e7\u00e3o de novos neg\u00f3cios\u201d, explicou.<\/p>\n<p>J\u00e1 a secret\u00e1ria Nat\u00e1lia Resende comentou sobre a cria\u00e7\u00e3o de dois instrumentos de interesse dos pa\u00edses: o Zoneamento Ecol\u00f3gico-Econ\u00f4mico, uma pol\u00edtica p\u00fablica para o desenvolvimento sustent\u00e1vel do Estado, e o Plano de A\u00e7\u00e3o Clim\u00e1tica, com estrat\u00e9gias de mitiga\u00e7\u00e3o para setores como transportes, agropecu\u00e1ria, florestas, energia e uso do solo. \u201c\u00c9 um momento prop\u00edcio para avan\u00e7armos em conjunto\u201d, afirmou.<\/p>\n<p>Confiras algumas das \u00e1reas em que o estado de S\u00e3o Paulo e os pa\u00edses n\u00f3rdicos j\u00e1 trabalham juntos ou pretendem cooperar:<\/p>\n<p>Educa\u00e7\u00e3o: parcerias com universidades e centros de pesquisa para inova\u00e7\u00e3o<\/p>\n<p>Governo Digital: compartilhamento de know-how com o Estado de S\u00e3o Paulo<\/p>\n<p>Pesquisa e Inova\u00e7\u00e3o: estudos para o 6G (j\u00e1 em andamento), Intelig\u00eancia Artificial, Smart Cities e ciberseguran\u00e7a<\/p>\n<p>Biog\u00e1s: atualmente a Su\u00e9cia financia um estudo com o Estado de S\u00e3o Paulo sobre biog\u00e1s<\/p>\n<p>Transi\u00e7\u00e3o energ\u00e9tica: energia e\u00f3lica, hidrog\u00eanio verde e captura de carbono<\/p>\n<p>Economia circular: o ciclo da cana \u00e9 exemplo \u2013 pode se transformar em fertilizante e biometano<\/p>\n<p>&nbsp;<\/p>\n","protected":false},"excerpt":{"rendered":"<p>Encontro reuniu autoridades do Governo de S\u00e3o Paulo e embaixadores da Noruega, Su\u00e9cia, Finl\u00e2ndia e Dinamarca O governador Tarc\u00edsio de Freitas recebeu nesta quarta-feira (1), no Pal\u00e1cio dos Bandeirantes, os quatro embaixadores dos pa\u00edses n\u00f3rdicos: Odd Magne Rudd (Noruega), Karin Wallensteen (Su\u00e9cia), Johanna Karanko (Finl\u00e2ndia) e Eva Pedersen (Dinamarca). As quatro na\u00e7\u00f5es compartilham os mesmos [&hellip;]<\/p>\n","protected":false},"author":1,"featured_media":6046,"comment_status":"open","ping_status":"open","sticky":false,"template":"","format":"standard","meta":{"footnotes":""},"categories":[48],"tags":[],"class_list":{"0":"post-6045","1":"post","2":"type-post","3":"status-publish","4":"format-standard","5":"has-post-thumbnail","7":"category-geral"},"_links":{"self":[{"href":"https:\/\/jm-metropole.com.br\/site\/wp-json\/wp\/v2\/posts\/6045","targetHints":{"allow":["GET"]}}],"collection":[{"href":"https:\/\/jm-metropole.com.br\/site\/wp-json\/wp\/v2\/posts"}],"about":[{"href":"https:\/\/jm-metropole.com.br\/site\/wp-json\/wp\/v2\/types\/post"}],"author":[{"embeddable":true,"href":"https:\/\/jm-metropole.com.br\/site\/wp-json\/wp\/v2\/users\/1"}],"replies":[{"embeddable":true,"href":"https:\/\/jm-metropole.com.br\/site\/wp-json\/wp\/v2\/comments?post=6045"}],"version-history":[{"count":1,"href":"https:\/\/jm-metropole.com.br\/site\/wp-json\/wp\/v2\/posts\/6045\/revisions"}],"predecessor-version":[{"id":6047,"href":"https:\/\/jm-metropole.com.br\/site\/wp-json\/wp\/v2\/posts\/6045\/revisions\/6047"}],"wp:featuredmedia":[{"embeddable":true,"href":"https:\/\/jm-metropole.com.br\/site\/wp-json\/wp\/v2\/media\/6046"}],"wp:attachment":[{"href":"https:\/\/jm-metropole.com.br\/site\/wp-json\/wp\/v2\/media?parent=6045"}],"wp:term":[{"taxonomy":"category","embeddable":true,"href":"https:\/\/jm-metropole.com.br\/site\/wp-json\/wp\/v2\/categories?post=6045"},{"taxonomy":"post_tag","embeddable":true,"href":"https:\/\/jm-metropole.com.br\/site\/wp-json\/wp\/v2\/tags?post=6045"}],"curies":[{"name":"wp","href":"https:\/\/api.w.org\/{rel}","templated":true}]}}