{"id":6019,"date":"2023-02-02T11:06:51","date_gmt":"2023-02-02T14:06:51","guid":{"rendered":"https:\/\/jm-metropole.com.br\/site\/?p=6019"},"modified":"2023-02-02T11:06:51","modified_gmt":"2023-02-02T14:06:51","slug":"governo-de-sp-sanciona-lei-para-o-fornecimento-de-medicamentos-a-base-de-cannabidiol","status":"publish","type":"post","link":"https:\/\/jm-metropole.com.br\/site\/governo-de-sp-sanciona-lei-para-o-fornecimento-de-medicamentos-a-base-de-cannabidiol\/","title":{"rendered":"Governo de SP sanciona lei para o fornecimento de medicamentos a base de  Cannabidiol"},"content":{"rendered":"<p>Um grupo de trabalho ser\u00e1 criado para regulamentar a legisla\u00e7\u00e3o<\/p>\n<p>O governador Tarc\u00edsio de Freitas sancionou nesta ter\u00e7a-feira (31) o projeto de Lei que prev\u00ea o fornecimento de medicamentos \u00e0 base de canabidiol pelas unidades de sa\u00fade p\u00fablica estadual e privada conveniadas ao Sistema \u00danico de Sa\u00fade (SUS). Com a san\u00e7\u00e3o, um grupo de trabalho ser\u00e1 criado para regulamentar a nova lei. Os profissionais ser\u00e3o respons\u00e1veis pela implementa\u00e7\u00e3o, atualiza\u00e7\u00e3o e reavalia\u00e7\u00e3o da Pol\u00edtica Estadual de Medicamentos Formulados \u00e0 Base de Cannabis.<\/p>\n<p>\u201cEstamos trazendo esperan\u00e7a para fam\u00edlias que sofrem muito todos os dias com seus entes queridos tendo crises de epilepsia, problemas de desenvolvimento motor, de desenvolvimento cognitivo. J\u00e1 temos comprova\u00e7\u00e3o cient\u00edfica de que o canabidiol resolve alguns problemas de algumas s\u00edndromes raras e temos que dar esse passo\u201d, disse Tarc\u00edsio de Freitas.<\/p>\n<p>A medida \u00e9 de extrema import\u00e2ncia para o Estado, pois minimiza os impactos financeiros da judicializa\u00e7\u00e3o e, sobretudo, garante a seguran\u00e7a dos pacientes, considerando protocolos terap\u00eauticos eficazes e aprovados pelas autoridades de Sa\u00fade.<\/p>\n<p>As a\u00e7\u00f5es judiciais impactam diretamente o or\u00e7amento p\u00fablico da sa\u00fade p\u00fablica, privilegiando direitos individuais em detrimento das pol\u00edticas p\u00fablicas estabelecidas no SUS. Al\u00e9m disso, obrigam o Estado a fornecer produtos sem registro na Anvisa, delimita\u00e7\u00e3o de dose de seguran\u00e7a, evid\u00eancia de efic\u00e1cia, indica\u00e7\u00e3o terap\u00eautica ou controle cl\u00ednico do uso.<\/p>\n<p>Por apresentar alguns artigos em desacordo com a Constitui\u00e7\u00e3o Federal de 1988, o projeto foi sancionado com vetos parciais, raz\u00e3o pela qual ser\u00e1 remetido \u00e0 Assembleia Legislativa do Estado de S\u00e3o Paulo (Alesp) para aprecia\u00e7\u00e3o.<\/p>\n<p>Al\u00e9m do governador Tarc\u00edsio de Freitas, participaram do evento o secret\u00e1rio-chefe da Casa Civil, Arthur Lima, o secret\u00e1rio da Sa\u00fade, Eleuses Paiva, o presidente da Assembleia Legislativa, Carl\u00e3o Pignatari, e autor do projeto de Lei, deputado Caio Fran\u00e7a.<\/p>\n","protected":false},"excerpt":{"rendered":"<p>Um grupo de trabalho ser\u00e1 criado para regulamentar a legisla\u00e7\u00e3o O governador Tarc\u00edsio de Freitas sancionou nesta ter\u00e7a-feira (31) o projeto de Lei que prev\u00ea o fornecimento de medicamentos \u00e0 base de canabidiol pelas unidades de sa\u00fade p\u00fablica estadual e privada conveniadas ao Sistema \u00danico de Sa\u00fade (SUS). Com a san\u00e7\u00e3o, um grupo de trabalho [&hellip;]<\/p>\n","protected":false},"author":1,"featured_media":6020,"comment_status":"open","ping_status":"open","sticky":false,"template":"","format":"standard","meta":{"footnotes":""},"categories":[11],"tags":[],"class_list":{"0":"post-6019","1":"post","2":"type-post","3":"status-publish","4":"format-standard","5":"has-post-thumbnail","7":"category-saude"},"_links":{"self":[{"href":"https:\/\/jm-metropole.com.br\/site\/wp-json\/wp\/v2\/posts\/6019","targetHints":{"allow":["GET"]}}],"collection":[{"href":"https:\/\/jm-metropole.com.br\/site\/wp-json\/wp\/v2\/posts"}],"about":[{"href":"https:\/\/jm-metropole.com.br\/site\/wp-json\/wp\/v2\/types\/post"}],"author":[{"embeddable":true,"href":"https:\/\/jm-metropole.com.br\/site\/wp-json\/wp\/v2\/users\/1"}],"replies":[{"embeddable":true,"href":"https:\/\/jm-metropole.com.br\/site\/wp-json\/wp\/v2\/comments?post=6019"}],"version-history":[{"count":1,"href":"https:\/\/jm-metropole.com.br\/site\/wp-json\/wp\/v2\/posts\/6019\/revisions"}],"predecessor-version":[{"id":6021,"href":"https:\/\/jm-metropole.com.br\/site\/wp-json\/wp\/v2\/posts\/6019\/revisions\/6021"}],"wp:featuredmedia":[{"embeddable":true,"href":"https:\/\/jm-metropole.com.br\/site\/wp-json\/wp\/v2\/media\/6020"}],"wp:attachment":[{"href":"https:\/\/jm-metropole.com.br\/site\/wp-json\/wp\/v2\/media?parent=6019"}],"wp:term":[{"taxonomy":"category","embeddable":true,"href":"https:\/\/jm-metropole.com.br\/site\/wp-json\/wp\/v2\/categories?post=6019"},{"taxonomy":"post_tag","embeddable":true,"href":"https:\/\/jm-metropole.com.br\/site\/wp-json\/wp\/v2\/tags?post=6019"}],"curies":[{"name":"wp","href":"https:\/\/api.w.org\/{rel}","templated":true}]}}