{"id":6012,"date":"2023-02-02T10:51:18","date_gmt":"2023-02-02T13:51:18","guid":{"rendered":"https:\/\/jm-metropole.com.br\/site\/?p=6012"},"modified":"2023-02-02T10:55:51","modified_gmt":"2023-02-02T13:55:51","slug":"troca-de-cadeiras-poderao-ocorrer-no-governo-de-santa-isabel","status":"publish","type":"post","link":"https:\/\/jm-metropole.com.br\/site\/troca-de-cadeiras-poderao-ocorrer-no-governo-de-santa-isabel\/","title":{"rendered":"Troca de cadeiras poder\u00e3o ocorrer no governo de Santa Isabel"},"content":{"rendered":"<p>De acordo com informa\u00e7\u00f5es de bastidores da pol\u00edtica de Santa Isabel, poder\u00e3o haver mudan\u00e7as no gabinete e secretariado do prefeito, Dr. Carlos Chinchilla (PSL).<\/p>\n<p>Segundo informa\u00e7\u00f5es Diego Rodrigues da Silva que atua no setor de compras seria o novo secret\u00e1rio de gabinete.<\/p>\n<p>Marcelo Arena assumiria a chefia de gabinete do governo municipal e o Capit\u00e3o Martins, irm\u00e3o do vereador Z\u00e9 da Mula assumiria o comando da secretaria de seguran\u00e7a e tr\u00e2nsito.<br \/>\nAs informa\u00e7\u00f5es d\u00e3o conta ainda que a vice prefeita Teresinha, seria a nova secret\u00e1ria de cultura, acumulando as duas fun\u00e7\u00f5es na administra\u00e7\u00e3o municipal de Santa Isabel.<\/p>\n","protected":false},"excerpt":{"rendered":"<p>De acordo com informa\u00e7\u00f5es de bastidores da pol\u00edtica de Santa Isabel, poder\u00e3o haver mudan\u00e7as no gabinete e secretariado do prefeito, Dr. Carlos Chinchilla (PSL). Segundo informa\u00e7\u00f5es Diego Rodrigues da Silva que atua no setor de compras seria o novo secret\u00e1rio de gabinete. Marcelo Arena assumiria a chefia de gabinete do governo municipal e o Capit\u00e3o [&hellip;]<\/p>\n","protected":false},"author":1,"featured_media":6015,"comment_status":"open","ping_status":"open","sticky":false,"template":"","format":"standard","meta":{"footnotes":""},"categories":[5],"tags":[],"class_list":{"0":"post-6012","1":"post","2":"type-post","3":"status-publish","4":"format-standard","5":"has-post-thumbnail","7":"category-santa-isabel"},"_links":{"self":[{"href":"https:\/\/jm-metropole.com.br\/site\/wp-json\/wp\/v2\/posts\/6012","targetHints":{"allow":["GET"]}}],"collection":[{"href":"https:\/\/jm-metropole.com.br\/site\/wp-json\/wp\/v2\/posts"}],"about":[{"href":"https:\/\/jm-metropole.com.br\/site\/wp-json\/wp\/v2\/types\/post"}],"author":[{"embeddable":true,"href":"https:\/\/jm-metropole.com.br\/site\/wp-json\/wp\/v2\/users\/1"}],"replies":[{"embeddable":true,"href":"https:\/\/jm-metropole.com.br\/site\/wp-json\/wp\/v2\/comments?post=6012"}],"version-history":[{"count":1,"href":"https:\/\/jm-metropole.com.br\/site\/wp-json\/wp\/v2\/posts\/6012\/revisions"}],"predecessor-version":[{"id":6014,"href":"https:\/\/jm-metropole.com.br\/site\/wp-json\/wp\/v2\/posts\/6012\/revisions\/6014"}],"wp:featuredmedia":[{"embeddable":true,"href":"https:\/\/jm-metropole.com.br\/site\/wp-json\/wp\/v2\/media\/6015"}],"wp:attachment":[{"href":"https:\/\/jm-metropole.com.br\/site\/wp-json\/wp\/v2\/media?parent=6012"}],"wp:term":[{"taxonomy":"category","embeddable":true,"href":"https:\/\/jm-metropole.com.br\/site\/wp-json\/wp\/v2\/categories?post=6012"},{"taxonomy":"post_tag","embeddable":true,"href":"https:\/\/jm-metropole.com.br\/site\/wp-json\/wp\/v2\/tags?post=6012"}],"curies":[{"name":"wp","href":"https:\/\/api.w.org\/{rel}","templated":true}]}}