{"id":599,"date":"2022-03-24T21:31:39","date_gmt":"2022-03-25T00:31:39","guid":{"rendered":"https:\/\/jm-metropole.com.br\/site\/?p=599"},"modified":"2022-03-24T21:31:39","modified_gmt":"2022-03-25T00:31:39","slug":"aruja-devera-publicar-novo-decreto-tornando-uso-de-mascara-mais-flexivel","status":"publish","type":"post","link":"https:\/\/jm-metropole.com.br\/site\/aruja-devera-publicar-novo-decreto-tornando-uso-de-mascara-mais-flexivel\/","title":{"rendered":"Aruj\u00e1 dever\u00e1 publicar novo decreto tornando uso de m\u00e1scara mais flex\u00edvel"},"content":{"rendered":"<p>Nove, dos 12 munic\u00edpios do Cons\u00f3rcio de Desenvolvimento dos Munic\u00edpios do Alto Tiet\u00ea (Condemat) prepararam decretos para libera\u00e7\u00e3o do uso de m\u00e1scaras em locais p\u00fablicos abertos, acompanhando a decis\u00e3o anunciada no \u00faltimo dia 09 pelo Governo do Estado. Em Aruj\u00e1, poder\u00e1 ser publicado, nesta sexta-feira (25) um novo decreto com maior flexibilidade em rela\u00e7\u00e3o ao uso das m\u00e1scaras, mantendo a medida em unidades de sa\u00fade e no transporte coletivo. At\u00e9 o fechamento desta edi\u00e7\u00e3o, no entanto, a nova norma ainda n\u00e3o havia sido anunciada oficialmente.<br \/>\nDe acordo com o decreto do governo estadual, o uso da prote\u00e7\u00e3o contra a Covid-19 continua obrigat\u00f3rio no transporte p\u00fablico e em todos os ambientes fechados de acesso p\u00fablico como salas de aula, com\u00e9rcios e escrit\u00f3rios. Em locais como vias p\u00fablicas, parques, ambientes escolares abertos, shows e eventos ao ar livre o uso \u00e9 opcional.<br \/>\nApesar da diretriz do Estado, cada munic\u00edpio possui autonomia para adotar sua conduta, de acordo com suas particularidades. No caso de Mogi das Cruzes, o uso de m\u00e1scara em equipamentos esportivos e culturais p\u00fablicos de ambiente fechado ser\u00e1 facultativo, mediante apresenta\u00e7\u00e3o de comprovante de vacina\u00e7\u00e3o. J\u00e1 em Suzano, o acess\u00f3rio de prote\u00e7\u00e3o continua a ser obrigat\u00f3rio em todos os espa\u00e7os escolares.<br \/>\nA queda nos \u00edndices da pandemia e o avan\u00e7o na imuniza\u00e7\u00e3o embasaram a decis\u00e3o dos munic\u00edpios.<\/p>\n","protected":false},"excerpt":{"rendered":"<p>Nove, dos 12 munic\u00edpios do Cons\u00f3rcio de Desenvolvimento dos Munic\u00edpios do Alto Tiet\u00ea (Condemat) prepararam decretos para libera\u00e7\u00e3o do uso de m\u00e1scaras em locais p\u00fablicos abertos, acompanhando a decis\u00e3o anunciada no \u00faltimo dia 09 pelo Governo do Estado. Em Aruj\u00e1, poder\u00e1 ser publicado, nesta sexta-feira (25) um novo decreto com maior flexibilidade em rela\u00e7\u00e3o ao [&hellip;]<\/p>\n","protected":false},"author":1,"featured_media":600,"comment_status":"open","ping_status":"open","sticky":false,"template":"","format":"standard","meta":{"footnotes":""},"categories":[4,2],"tags":[],"class_list":{"0":"post-599","1":"post","2":"type-post","3":"status-publish","4":"format-standard","5":"has-post-thumbnail","7":"category-aruja","8":"category-cidades"},"_links":{"self":[{"href":"https:\/\/jm-metropole.com.br\/site\/wp-json\/wp\/v2\/posts\/599","targetHints":{"allow":["GET"]}}],"collection":[{"href":"https:\/\/jm-metropole.com.br\/site\/wp-json\/wp\/v2\/posts"}],"about":[{"href":"https:\/\/jm-metropole.com.br\/site\/wp-json\/wp\/v2\/types\/post"}],"author":[{"embeddable":true,"href":"https:\/\/jm-metropole.com.br\/site\/wp-json\/wp\/v2\/users\/1"}],"replies":[{"embeddable":true,"href":"https:\/\/jm-metropole.com.br\/site\/wp-json\/wp\/v2\/comments?post=599"}],"version-history":[{"count":1,"href":"https:\/\/jm-metropole.com.br\/site\/wp-json\/wp\/v2\/posts\/599\/revisions"}],"predecessor-version":[{"id":601,"href":"https:\/\/jm-metropole.com.br\/site\/wp-json\/wp\/v2\/posts\/599\/revisions\/601"}],"wp:featuredmedia":[{"embeddable":true,"href":"https:\/\/jm-metropole.com.br\/site\/wp-json\/wp\/v2\/media\/600"}],"wp:attachment":[{"href":"https:\/\/jm-metropole.com.br\/site\/wp-json\/wp\/v2\/media?parent=599"}],"wp:term":[{"taxonomy":"category","embeddable":true,"href":"https:\/\/jm-metropole.com.br\/site\/wp-json\/wp\/v2\/categories?post=599"},{"taxonomy":"post_tag","embeddable":true,"href":"https:\/\/jm-metropole.com.br\/site\/wp-json\/wp\/v2\/tags?post=599"}],"curies":[{"name":"wp","href":"https:\/\/api.w.org\/{rel}","templated":true}]}}