{"id":5965,"date":"2023-02-01T16:41:44","date_gmt":"2023-02-01T19:41:44","guid":{"rendered":"https:\/\/jm-metropole.com.br\/site\/?p=5965"},"modified":"2023-02-01T16:41:44","modified_gmt":"2023-02-01T19:41:44","slug":"campanha-de-vacinacao-infantil-contra-a-covid-19-tem-inicio-nesta-quinta-feira-em-santa-isabel","status":"publish","type":"post","link":"https:\/\/jm-metropole.com.br\/site\/campanha-de-vacinacao-infantil-contra-a-covid-19-tem-inicio-nesta-quinta-feira-em-santa-isabel\/","title":{"rendered":"CAMPANHA DE VACINA\u00c7\u00c3O INFANTIL CONTRA A COVID-19 TEM IN\u00cdCIO NESTA QUINTA-FEIRA, EM SANTA ISABEL"},"content":{"rendered":"<p>A Prefeitura de Santa Isabel d\u00e1 in\u00edcio a vacina\u00e7\u00e3o infantil contra a Covid-19. A a\u00e7\u00e3o come\u00e7a nesta quinta-feira (02\/02), das 7h \u00e0s 16h. O p\u00fablico-alvo s\u00e3o os beb\u00eas que iniciar\u00e3o o esquema vacinal, com idades de 6 meses a menores de 2 anos. As crian\u00e7as com idades entre 5 a 11 anos tamb\u00e9m ter\u00e3o acesso a 3\u00aa dose de refor\u00e7o da vacina.<\/p>\n<p>A aplica\u00e7\u00e3o ocorrer\u00e1 em todas as salas de vacina do munic\u00edpio e \u00e9 necess\u00e1rio o acompanhamento dos pais ou respons\u00e1veis e a apresenta\u00e7\u00e3o do cart\u00e3o de vacina e do documento de identifica\u00e7\u00e3o, no momento da imuniza\u00e7\u00e3o.<\/p>\n<p>Segundo o setor de Vigil\u00e2ncia Epidemiol\u00f3gica, o p\u00fablico aproximado \u00e9 de 1.208 crian\u00e7as de 6 meses a 2 anos de idade para receber a 1\u00aa dose e 4.033 crian\u00e7as que j\u00e1 est\u00e3o com o esquema prim\u00e1rio completo de vacina e receber\u00e3o a dose de refor\u00e7o.<\/p>\n<p>Os endere\u00e7os e os telefones das unidades de sa\u00fade podem ser consultados no site oficial da Prefeitura de Santa Isabel (https:\/\/portal.santaisabel.sp.gov.br\/ubs\/).<\/p>\n","protected":false},"excerpt":{"rendered":"<p>A Prefeitura de Santa Isabel d\u00e1 in\u00edcio a vacina\u00e7\u00e3o infantil contra a Covid-19. A a\u00e7\u00e3o come\u00e7a nesta quinta-feira (02\/02), das 7h \u00e0s 16h. O p\u00fablico-alvo s\u00e3o os beb\u00eas que iniciar\u00e3o o esquema vacinal, com idades de 6 meses a menores de 2 anos. As crian\u00e7as com idades entre 5 a 11 anos tamb\u00e9m ter\u00e3o acesso [&hellip;]<\/p>\n","protected":false},"author":1,"featured_media":5966,"comment_status":"open","ping_status":"open","sticky":false,"template":"","format":"standard","meta":{"footnotes":""},"categories":[5],"tags":[],"class_list":{"0":"post-5965","1":"post","2":"type-post","3":"status-publish","4":"format-standard","5":"has-post-thumbnail","7":"category-santa-isabel"},"_links":{"self":[{"href":"https:\/\/jm-metropole.com.br\/site\/wp-json\/wp\/v2\/posts\/5965","targetHints":{"allow":["GET"]}}],"collection":[{"href":"https:\/\/jm-metropole.com.br\/site\/wp-json\/wp\/v2\/posts"}],"about":[{"href":"https:\/\/jm-metropole.com.br\/site\/wp-json\/wp\/v2\/types\/post"}],"author":[{"embeddable":true,"href":"https:\/\/jm-metropole.com.br\/site\/wp-json\/wp\/v2\/users\/1"}],"replies":[{"embeddable":true,"href":"https:\/\/jm-metropole.com.br\/site\/wp-json\/wp\/v2\/comments?post=5965"}],"version-history":[{"count":1,"href":"https:\/\/jm-metropole.com.br\/site\/wp-json\/wp\/v2\/posts\/5965\/revisions"}],"predecessor-version":[{"id":5967,"href":"https:\/\/jm-metropole.com.br\/site\/wp-json\/wp\/v2\/posts\/5965\/revisions\/5967"}],"wp:featuredmedia":[{"embeddable":true,"href":"https:\/\/jm-metropole.com.br\/site\/wp-json\/wp\/v2\/media\/5966"}],"wp:attachment":[{"href":"https:\/\/jm-metropole.com.br\/site\/wp-json\/wp\/v2\/media?parent=5965"}],"wp:term":[{"taxonomy":"category","embeddable":true,"href":"https:\/\/jm-metropole.com.br\/site\/wp-json\/wp\/v2\/categories?post=5965"},{"taxonomy":"post_tag","embeddable":true,"href":"https:\/\/jm-metropole.com.br\/site\/wp-json\/wp\/v2\/tags?post=5965"}],"curies":[{"name":"wp","href":"https:\/\/api.w.org\/{rel}","templated":true}]}}