{"id":594,"date":"2022-03-24T21:30:16","date_gmt":"2022-03-25T00:30:16","guid":{"rendered":"https:\/\/jm-metropole.com.br\/site\/?p=594"},"modified":"2022-03-24T21:30:16","modified_gmt":"2022-03-25T00:30:16","slug":"20a-edicao-do-espetaculo-a-paixao-de-cristo-e-exibida-em-santa-isabel","status":"publish","type":"post","link":"https:\/\/jm-metropole.com.br\/site\/20a-edicao-do-espetaculo-a-paixao-de-cristo-e-exibida-em-santa-isabel\/","title":{"rendered":"20\u00aa edi\u00e7\u00e3o do espet\u00e1culo &#8216;A Paix\u00e3o de Cristo&#8217; \u00e9 exibida em Santa Isabel"},"content":{"rendered":"<p><em>Com o tema Eis o Homem (Jo\u00e3o 19:05), a pe\u00e7a ocorrer\u00e1 no dia 15 de abril, \u00e0s 20h, na Pra\u00e7a 1812.<br \/>\n<\/em><br \/>\nO tradicional espet\u00e1culo Paix\u00e3o de Cristo ser\u00e1 apresentado em Santa Isabel ap\u00f3s dois anos sem exibi\u00e7\u00e3o, devido \u00e0 pandemia do novo coronav\u00edrus. Com o tema Eis o Homem (Jo\u00e3o 19:05), a 20\u00aa edi\u00e7\u00e3o utilizar\u00e1 pela primeira vez a t\u00e9cnica teatral do p\u00fablico como parte da encena\u00e7\u00e3o.<br \/>\n<img loading=\"lazy\" decoding=\"async\" class=\"alignleft size-medium wp-image-597\" src=\"https:\/\/jm-metropole.com.br\/site\/wp-content\/uploads\/2022\/03\/WhatsApp-Image-2022-03-24-at-20.29.32-240x300.jpeg\" alt=\"\" width=\"240\" height=\"300\" srcset=\"https:\/\/jm-metropole.com.br\/site\/wp-content\/uploads\/2022\/03\/WhatsApp-Image-2022-03-24-at-20.29.32-240x300.jpeg 240w, https:\/\/jm-metropole.com.br\/site\/wp-content\/uploads\/2022\/03\/WhatsApp-Image-2022-03-24-at-20.29.32-150x187.jpeg 150w, https:\/\/jm-metropole.com.br\/site\/wp-content\/uploads\/2022\/03\/WhatsApp-Image-2022-03-24-at-20.29.32-300x374.jpeg 300w, https:\/\/jm-metropole.com.br\/site\/wp-content\/uploads\/2022\/03\/WhatsApp-Image-2022-03-24-at-20.29.32-696x869.jpeg 696w, https:\/\/jm-metropole.com.br\/site\/wp-content\/uploads\/2022\/03\/WhatsApp-Image-2022-03-24-at-20.29.32.jpeg 750w\" sizes=\"auto, (max-width: 240px) 100vw, 240px\" \/>A pe\u00e7a relata os passos de Jesus durante a Semana Santa, detalhando diversos momentos como o Monte das Oliveiras, a trai\u00e7\u00e3o e o enforcamento de Judas, a crucifica\u00e7\u00e3o, sepultamento e ressurrei\u00e7\u00e3o de Cristo.<br \/>\nCom mais de 50 participantes e organizadores, neste ano Emerson Bicudo, que tamb\u00e9m \u00e9 diretor da pe\u00e7a, far\u00e1 Jesus. J\u00e1 o Diabo ser\u00e1 interpretado por Rog\u00e9rio Saraiva e Maria Madalena por D\u00e9bora Almeida. Judas ser\u00e1 feito por Pedro Henrique e Maria M\u00e3e de Jesus por Sueli Barbosa.<br \/>\nO tema Eis o Homem (Jo\u00e3o 19:05) foi escolhido para representar a volta da pe\u00e7a teatral, fazendo uma refer\u00eancia ao momento em que Jesus \u00e9 apresentado ao povo. Durante dois anos, n\u00e3o foram realizadas exibi\u00e7\u00f5es, pois os eventos foram proibidos para evitar a prolifera\u00e7\u00e3o da Covid-19.<br \/>\nA 20\u00aa edi\u00e7\u00e3o da Paix\u00e3o de Cristo far\u00e1 um remake das melhores cenas dos 20 anos de encena\u00e7\u00e3o e o elemento mais importante da pe\u00e7a \u00e9 a execu\u00e7\u00e3o do projeto por todas as pessoas que sempre participam. \u201cEstamos muito felizes de poder apresentar o teatro com todos os integrantes originais, porque sabemos que a pandemia fez muitas v\u00edtimas, e n\u00f3s continuamos todos juntos e unidos, encenando um momento muito importante para o cristianismo\u201d, conta o diretor Emerson Bicudo.<br \/>\n<img loading=\"lazy\" decoding=\"async\" class=\"size-medium wp-image-595 alignright\" src=\"https:\/\/jm-metropole.com.br\/site\/wp-content\/uploads\/2022\/03\/WhatsApp-Image-2022-03-24-at-20.29.31-1-197x300.jpeg\" alt=\"\" width=\"197\" height=\"300\" srcset=\"https:\/\/jm-metropole.com.br\/site\/wp-content\/uploads\/2022\/03\/WhatsApp-Image-2022-03-24-at-20.29.31-1-197x300.jpeg 197w, https:\/\/jm-metropole.com.br\/site\/wp-content\/uploads\/2022\/03\/WhatsApp-Image-2022-03-24-at-20.29.31-1-672x1024.jpeg 672w, https:\/\/jm-metropole.com.br\/site\/wp-content\/uploads\/2022\/03\/WhatsApp-Image-2022-03-24-at-20.29.31-1-768x1170.jpeg 768w, https:\/\/jm-metropole.com.br\/site\/wp-content\/uploads\/2022\/03\/WhatsApp-Image-2022-03-24-at-20.29.31-1-150x229.jpeg 150w, https:\/\/jm-metropole.com.br\/site\/wp-content\/uploads\/2022\/03\/WhatsApp-Image-2022-03-24-at-20.29.31-1-300x457.jpeg 300w, https:\/\/jm-metropole.com.br\/site\/wp-content\/uploads\/2022\/03\/WhatsApp-Image-2022-03-24-at-20.29.31-1-696x1061.jpeg 696w, https:\/\/jm-metropole.com.br\/site\/wp-content\/uploads\/2022\/03\/WhatsApp-Image-2022-03-24-at-20.29.31-1.jpeg 840w\" sizes=\"auto, (max-width: 197px) 100vw, 197px\" \/>A Paix\u00e3o de Cristo este ano tamb\u00e9m utilizar\u00e1 a t\u00e9cnica do teatro interativo, na qual h\u00e1 a quebra da quarta parede, que separa o artista do p\u00fablico, tanto fisicamente, como verbalmente. Quem estiver assistindo far\u00e1 parte da pe\u00e7a, como figurante do povo, durante a cena da crucifica\u00e7\u00e3o de Jesus.<br \/>\nOs ensaios est\u00e3o acontecendo de segunda a sexta-feira, a partir das 19h, no local onde ser\u00e1 exibida a pe\u00e7a. O evento ocorrer\u00e1 no dia 15 de abril, \u00e1s 20h, na Pra\u00e7a 1812, em frente \u00e0 Igreja Matriz, localizada na rua Manoel Ferraz Campos Sales, Centro.<br \/>\nA prefeitura de Santa Isabel trabalha para manter a execu\u00e7\u00e3o de projetos tradicionais que fazem parte da hist\u00f3ria do munic\u00edpio, como a Paix\u00e3o de Cristo, que j\u00e1 est\u00e1 em sua 20\u00aa edi\u00e7\u00e3o e \u00e9 famosa no Alto Tiet\u00ea. \u201cA pe\u00e7a teatral est\u00e1 inserida na cultura isabelense e estamos muito felizes de poder exibi-la depois destes dois anos dif\u00edceis de pandemia\u201d, relata o prefeito de Santa Isabel, Dr, Carlos Chinchilla.<\/p>\n","protected":false},"excerpt":{"rendered":"<p>Com o tema Eis o Homem (Jo\u00e3o 19:05), a pe\u00e7a ocorrer\u00e1 no dia 15 de abril, \u00e0s 20h, na Pra\u00e7a 1812. O tradicional espet\u00e1culo Paix\u00e3o de Cristo ser\u00e1 apresentado em Santa Isabel ap\u00f3s dois anos sem exibi\u00e7\u00e3o, devido \u00e0 pandemia do novo coronav\u00edrus. Com o tema Eis o Homem (Jo\u00e3o 19:05), a 20\u00aa edi\u00e7\u00e3o utilizar\u00e1 [&hellip;]<\/p>\n","protected":false},"author":1,"featured_media":596,"comment_status":"open","ping_status":"open","sticky":false,"template":"","format":"standard","meta":{"footnotes":""},"categories":[13,5],"tags":[],"class_list":{"0":"post-594","1":"post","2":"type-post","3":"status-publish","4":"format-standard","5":"has-post-thumbnail","7":"category-cultura","8":"category-santa-isabel"},"_links":{"self":[{"href":"https:\/\/jm-metropole.com.br\/site\/wp-json\/wp\/v2\/posts\/594","targetHints":{"allow":["GET"]}}],"collection":[{"href":"https:\/\/jm-metropole.com.br\/site\/wp-json\/wp\/v2\/posts"}],"about":[{"href":"https:\/\/jm-metropole.com.br\/site\/wp-json\/wp\/v2\/types\/post"}],"author":[{"embeddable":true,"href":"https:\/\/jm-metropole.com.br\/site\/wp-json\/wp\/v2\/users\/1"}],"replies":[{"embeddable":true,"href":"https:\/\/jm-metropole.com.br\/site\/wp-json\/wp\/v2\/comments?post=594"}],"version-history":[{"count":1,"href":"https:\/\/jm-metropole.com.br\/site\/wp-json\/wp\/v2\/posts\/594\/revisions"}],"predecessor-version":[{"id":598,"href":"https:\/\/jm-metropole.com.br\/site\/wp-json\/wp\/v2\/posts\/594\/revisions\/598"}],"wp:featuredmedia":[{"embeddable":true,"href":"https:\/\/jm-metropole.com.br\/site\/wp-json\/wp\/v2\/media\/596"}],"wp:attachment":[{"href":"https:\/\/jm-metropole.com.br\/site\/wp-json\/wp\/v2\/media?parent=594"}],"wp:term":[{"taxonomy":"category","embeddable":true,"href":"https:\/\/jm-metropole.com.br\/site\/wp-json\/wp\/v2\/categories?post=594"},{"taxonomy":"post_tag","embeddable":true,"href":"https:\/\/jm-metropole.com.br\/site\/wp-json\/wp\/v2\/tags?post=594"}],"curies":[{"name":"wp","href":"https:\/\/api.w.org\/{rel}","templated":true}]}}