{"id":5938,"date":"2023-01-31T17:29:31","date_gmt":"2023-01-31T20:29:31","guid":{"rendered":"https:\/\/jm-metropole.com.br\/site\/?p=5938"},"modified":"2023-01-31T17:29:31","modified_gmt":"2023-01-31T20:29:31","slug":"ilumina-guararema-programa-de-troca-de-iluminacao-publica-convencional-por-lampadas-de-led-comeca-a-ser-implantado-no-municipio","status":"publish","type":"post","link":"https:\/\/jm-metropole.com.br\/site\/ilumina-guararema-programa-de-troca-de-iluminacao-publica-convencional-por-lampadas-de-led-comeca-a-ser-implantado-no-municipio\/","title":{"rendered":"Ilumina Guararema: programa de troca de ilumina\u00e7\u00e3o p\u00fablica convencional por l\u00e2mpadas de LED come\u00e7a a ser implantado no munic\u00edpio"},"content":{"rendered":"<p>Primeira fase do programa contemplou as ruas Cel. Ramalho, 19 de Setembro, Dr. Falc\u00e3o e as avenidas Professor Lucas Nogueira e Dona Laurinda, com mais de 120 lumin\u00e1rias<\/p>\n<p>A Prefeitura de Guararema lan\u00e7ou nesta semana o programa Ilumina Guararema que vai realizar a substitui\u00e7\u00e3o de l\u00e2mpadas convencionais por LED. Nesta primeira fase do programa, receberam o servi\u00e7o as ruas Cel. Ramalho, 19 de Setembro, Dr. Falc\u00e3o e as avenidas Professor Lucas Nogueira e Dona Laurinda, com mais de 120 lumin\u00e1rias.<\/p>\n<p>Para as pr\u00f3ximas fases do programa, est\u00e1 sendo programada a realiza\u00e7\u00e3o do servi\u00e7o em diversas outras regi\u00f5es, incluindo a Regi\u00e3o Norte do Munic\u00edpio. Vale ressaltar que a Prefeitura est\u00e1 realizando a troca de l\u00e2mpadas de 400 Watts por lumin\u00e1rias de LED de 150 Watts, reduzindo o consumo em at\u00e9 60% e oferecendo ainda mais qualidade, luminosidade, seguran\u00e7a e sustentabilidade para a popula\u00e7\u00e3o.<\/p>\n<p>Al\u00e9m da quest\u00e3o econ\u00f4mica, em que, h\u00e1 menor consumo de energia, a tecnologia de l\u00e2mpadas LEDs tamb\u00e9m traz benef\u00edcios ambientais, por ser livre de metais pesados; ser composta por materiais recicl\u00e1veis; e ter vida \u00fatil prolongada, diminuindo a necessidade de descarte.<\/p>\n<p>\u201cEste \u00e9 um passo importante para Guararema, em diversos pontos que incluem sustentabilidade, economia e at\u00e9 seguran\u00e7a p\u00fablica. Mesmo n\u00e3o sendo conhecida como uma cidade com \u00edndices criminais altos, teremos ruas mais iluminadas que ajudar\u00e1 para a sensa\u00e7\u00e3o de seguran\u00e7a ser ainda maior no munic\u00edpio\u201d, disse o prefeito Z\u00e9 que, na \u00faltima quinta-feira (26) esteve acompanhando o servi\u00e7o de instala\u00e7\u00e3o das l\u00e2mpadas LEDs.<\/p>\n<p>A substitui\u00e7\u00e3o de l\u00e2mpadas convencionais por LEDs acompanha o movimento de outros munic\u00edpios de grande porte como S\u00e3o Paulo, S\u00e3o Jos\u00e9 dos Campos, Mogi das Cruzes, Curitiba, dentre outros, que agora realizam a amplia\u00e7\u00e3o de seus programas.<\/p>\n<p>\u201cMeu compromisso \u00e9 levar o Ilumina Guararema para as regi\u00f5es mais afastadas do munic\u00edpio, como a Regi\u00e3o Norte, por exemplo\u201d, pontua o prefeito Z\u00e9. \u201cJ\u00e1 temos um calend\u00e1rio de execu\u00e7\u00e3o deste servi\u00e7o e vamos desempenh\u00e1-lo o mais breve poss\u00edvel para atingirmos nossos objetivos\u201d, completa.<\/p>\n","protected":false},"excerpt":{"rendered":"<p>Primeira fase do programa contemplou as ruas Cel. Ramalho, 19 de Setembro, Dr. Falc\u00e3o e as avenidas Professor Lucas Nogueira e Dona Laurinda, com mais de 120 lumin\u00e1rias A Prefeitura de Guararema lan\u00e7ou nesta semana o programa Ilumina Guararema que vai realizar a substitui\u00e7\u00e3o de l\u00e2mpadas convencionais por LED. Nesta primeira fase do programa, receberam [&hellip;]<\/p>\n","protected":false},"author":1,"featured_media":5939,"comment_status":"open","ping_status":"open","sticky":false,"template":"","format":"standard","meta":{"footnotes":""},"categories":[8],"tags":[],"class_list":{"0":"post-5938","1":"post","2":"type-post","3":"status-publish","4":"format-standard","5":"has-post-thumbnail","7":"category-guararema"},"_links":{"self":[{"href":"https:\/\/jm-metropole.com.br\/site\/wp-json\/wp\/v2\/posts\/5938","targetHints":{"allow":["GET"]}}],"collection":[{"href":"https:\/\/jm-metropole.com.br\/site\/wp-json\/wp\/v2\/posts"}],"about":[{"href":"https:\/\/jm-metropole.com.br\/site\/wp-json\/wp\/v2\/types\/post"}],"author":[{"embeddable":true,"href":"https:\/\/jm-metropole.com.br\/site\/wp-json\/wp\/v2\/users\/1"}],"replies":[{"embeddable":true,"href":"https:\/\/jm-metropole.com.br\/site\/wp-json\/wp\/v2\/comments?post=5938"}],"version-history":[{"count":1,"href":"https:\/\/jm-metropole.com.br\/site\/wp-json\/wp\/v2\/posts\/5938\/revisions"}],"predecessor-version":[{"id":5940,"href":"https:\/\/jm-metropole.com.br\/site\/wp-json\/wp\/v2\/posts\/5938\/revisions\/5940"}],"wp:featuredmedia":[{"embeddable":true,"href":"https:\/\/jm-metropole.com.br\/site\/wp-json\/wp\/v2\/media\/5939"}],"wp:attachment":[{"href":"https:\/\/jm-metropole.com.br\/site\/wp-json\/wp\/v2\/media?parent=5938"}],"wp:term":[{"taxonomy":"category","embeddable":true,"href":"https:\/\/jm-metropole.com.br\/site\/wp-json\/wp\/v2\/categories?post=5938"},{"taxonomy":"post_tag","embeddable":true,"href":"https:\/\/jm-metropole.com.br\/site\/wp-json\/wp\/v2\/tags?post=5938"}],"curies":[{"name":"wp","href":"https:\/\/api.w.org\/{rel}","templated":true}]}}