{"id":5935,"date":"2023-01-31T17:27:00","date_gmt":"2023-01-31T20:27:00","guid":{"rendered":"https:\/\/jm-metropole.com.br\/site\/?p=5935"},"modified":"2023-01-31T17:27:00","modified_gmt":"2023-01-31T20:27:00","slug":"inscricoes-para-festival-de-musica-de-poa-2023-terminam-no-dia-10-de-fevereiro","status":"publish","type":"post","link":"https:\/\/jm-metropole.com.br\/site\/inscricoes-para-festival-de-musica-de-poa-2023-terminam-no-dia-10-de-fevereiro\/","title":{"rendered":"Inscri\u00e7\u00f5es para \u201cFestival de M\u00fasica de Po\u00e1 2023\u201d terminam no dia 10 de fevereiro"},"content":{"rendered":"<p>Interessados devem realizar a inscri\u00e7\u00e3o pelo site oficial da Prefeitura ou ent\u00e3o presencialmente na sede da Secretaria Municipal de Cultura<\/p>\n<p>A Secretaria de Cultura de Po\u00e1 alerta que as inscri\u00e7\u00f5es para o \u201cFestival de M\u00fasica de Po\u00e1 2023\u201d acabam no dia 10 de fevereiro. Para efetuar a inscri\u00e7\u00e3o, os interessados devem acessar o site oficial da Prefeitura Municipal (www.poa.sp.gov.br) ou comparecer, na sede da pasta respons\u00e1vel, localizada na avenida Ant\u00f4nio Massa, n\u00ba331, Centro. O tradicional evento \u00e9 reconhecido em toda a regi\u00e3o do Alto Tiet\u00ea e contar\u00e1 com R$ 12 mil reais em premia\u00e7\u00f5es.<\/p>\n<p>O \u201cFestival de M\u00fasica de Po\u00e1 2023\u201d ser\u00e1 realizado no Teatro Municipal \u201cTur\u00edbio Ruiz\u201d, nos dias 03, 04, 05 e 19 de mar\u00e7o, das 13 \u00e0s 23 horas, e tem como objetivo aprimorar e desenvolver a cultura musical no munic\u00edpio, assim como revelar talentos e valorizar os artistas locais. A organiza\u00e7\u00e3o conta com a parceria dos produtores musicais Jos\u00e9 Carlos de Aquino (Carlito) e Helder Vinhola.<\/p>\n<p>\u201cRefor\u00e7o para todos os interessados que o prazo para as inscri\u00e7\u00f5es est\u00e1 chegando ao fim, por isso, quem deseja participar do festival n\u00e3o poder perder tempo. \u00c9 um evento para todos os amantes da m\u00fasica, independentemente do g\u00eanero. Tenho certeza que ser\u00e3o quatro dias de muita festa na nossa cidade\u201d, disse o chefe da Pasta, Ariel Borges.<\/p>\n<p>Durante o evento os competidores poder\u00e3o concorrer apenas com uma m\u00fasica, que obrigatoriamente dever\u00e1 ser autoral e in\u00e9dita, dentre os seguintes conjuntos: artistas solo, duplas, trios e grupos ou bandas, onde no m\u00ednimo 50% dos integrantes dever\u00e3o ser moradores de Po\u00e1 ou terem comprovadamente atua\u00e7\u00e3o art\u00edstica dentro do munic\u00edpio. Os crit\u00e9rios de avalia\u00e7\u00e3o ser\u00e3o arranjo, harmonia, melodia, ritmo, afina\u00e7\u00e3o, letra e performance.<br \/>\nO concurso ter\u00e1 cinco grupos de categorias musicais, sendo o Grupo 1 composto pelos g\u00eaneros: Rock and Roll, Pop Rock, Jazz, Blues e Soul, Grupo 2 por: Sertanejo, Forr\u00f3, Brega e Moda de Viola, Grupo 3 por: MPB, Gospel e Reggae, Grupo 4 por: Samba, Pagode e Ax\u00e9, e o Grupo 5 por: Rap, Funk e Trap. J\u00e1 os artistas do g\u00eanero Gospel dever\u00e3o realizar sua inscri\u00e7\u00e3o no grupo que mais se aproxima da sua atua\u00e7\u00e3o art\u00edstica, como por exemplo, Rock ou Samba.<\/p>\n<p>O Festival contar\u00e1 com R$12 mil em premia\u00e7\u00e3o aos vencedores de cada categoria, sendo R$ 5 mil para o primeiro colocado, R$ 3 mil para o segundo e R$ 1 mil para o terceiro, al\u00e9m de mil reais para os vencedores das categorias, melhor letra, melhor int\u00e9rprete e primeiro lugar no voto popular.<\/p>\n<p>O \u201cFestival de M\u00fasica Po\u00e1 2023\u201d ser\u00e1 realizado nos dias 03, 04, 05 e 19 de mar\u00e7o, das 13h \u00e0s 23h, no Teatro Municipal \u201cTur\u00edbio Ruiz\u201d, localizado na avenida Ant\u00f4nio Massa, n\u00ba 331, Centro. As inscri\u00e7\u00f5es devem ser realizadas por meio do site oficial da Prefeitura Municipal (www.poa.sp.gov.br), ou presencialmente na sede da Secretaria de Cultura de Po\u00e1 (avenida Ant\u00f4nio Massa, 331 \u2013 Centro), at\u00e9 o dia 10 de fevereiro de 2023.<\/p>\n<p>Todas as informa\u00e7\u00f5es sobre o concurso est\u00e3o descritas no Edital publicado no Di\u00e1rio Oficial Municipal, (poa.sp.gov.br\/diario-oficial\/). Entretanto, para demais informa\u00e7\u00f5es, os interessados podem entrar em contato com a Secretaria de Cultura, das 8 \u00e0s 17 horas, pelo telefone: (11) 4638-8804 ou e-mail: secretariadeculturapoa@gmail.com.<\/p>\n<p>Foto: Ronaldo Andrade \/ Arquivo Secom Po\u00e1<\/p>\n","protected":false},"excerpt":{"rendered":"<p>Interessados devem realizar a inscri\u00e7\u00e3o pelo site oficial da Prefeitura ou ent\u00e3o presencialmente na sede da Secretaria Municipal de Cultura A Secretaria de Cultura de Po\u00e1 alerta que as inscri\u00e7\u00f5es para o \u201cFestival de M\u00fasica de Po\u00e1 2023\u201d acabam no dia 10 de fevereiro. Para efetuar a inscri\u00e7\u00e3o, os interessados devem acessar o site oficial [&hellip;]<\/p>\n","protected":false},"author":1,"featured_media":5936,"comment_status":"open","ping_status":"open","sticky":false,"template":"","format":"standard","meta":{"footnotes":""},"categories":[19],"tags":[],"class_list":{"0":"post-5935","1":"post","2":"type-post","3":"status-publish","4":"format-standard","5":"has-post-thumbnail","7":"category-poa"},"_links":{"self":[{"href":"https:\/\/jm-metropole.com.br\/site\/wp-json\/wp\/v2\/posts\/5935","targetHints":{"allow":["GET"]}}],"collection":[{"href":"https:\/\/jm-metropole.com.br\/site\/wp-json\/wp\/v2\/posts"}],"about":[{"href":"https:\/\/jm-metropole.com.br\/site\/wp-json\/wp\/v2\/types\/post"}],"author":[{"embeddable":true,"href":"https:\/\/jm-metropole.com.br\/site\/wp-json\/wp\/v2\/users\/1"}],"replies":[{"embeddable":true,"href":"https:\/\/jm-metropole.com.br\/site\/wp-json\/wp\/v2\/comments?post=5935"}],"version-history":[{"count":1,"href":"https:\/\/jm-metropole.com.br\/site\/wp-json\/wp\/v2\/posts\/5935\/revisions"}],"predecessor-version":[{"id":5937,"href":"https:\/\/jm-metropole.com.br\/site\/wp-json\/wp\/v2\/posts\/5935\/revisions\/5937"}],"wp:featuredmedia":[{"embeddable":true,"href":"https:\/\/jm-metropole.com.br\/site\/wp-json\/wp\/v2\/media\/5936"}],"wp:attachment":[{"href":"https:\/\/jm-metropole.com.br\/site\/wp-json\/wp\/v2\/media?parent=5935"}],"wp:term":[{"taxonomy":"category","embeddable":true,"href":"https:\/\/jm-metropole.com.br\/site\/wp-json\/wp\/v2\/categories?post=5935"},{"taxonomy":"post_tag","embeddable":true,"href":"https:\/\/jm-metropole.com.br\/site\/wp-json\/wp\/v2\/tags?post=5935"}],"curies":[{"name":"wp","href":"https:\/\/api.w.org\/{rel}","templated":true}]}}