{"id":5929,"date":"2023-01-31T16:02:27","date_gmt":"2023-01-31T19:02:27","guid":{"rendered":"https:\/\/jm-metropole.com.br\/site\/?p=5929"},"modified":"2023-01-31T16:02:27","modified_gmt":"2023-01-31T19:02:27","slug":"operacao-volta-as-aulas-leva-conscientizacao-sobre-seguranca-no-transito-para-pais-e-responsaveis-secretaria-de-mobilidade-urbana","status":"publish","type":"post","link":"https:\/\/jm-metropole.com.br\/site\/operacao-volta-as-aulas-leva-conscientizacao-sobre-seguranca-no-transito-para-pais-e-responsaveis-secretaria-de-mobilidade-urbana\/","title":{"rendered":"Opera\u00e7\u00e3o Volta \u00e0s Aulas leva conscientiza\u00e7\u00e3o sobre seguran\u00e7a no tr\u00e2nsito para pais e respons\u00e1veis Secretaria de Mobilidade Urbana"},"content":{"rendered":"<div class=\"col-sm-8 col-md-9 col-lg-9\">\n<div id=\"conteudo\" class=\"conteudo\">\n<p>A Secretaria Municipal de Mobilidade Urbana inicia nesta quarta-feira (01\/02) a Opera\u00e7\u00e3o Volta \u00e0s Aulas, que ter\u00e1 a\u00e7\u00f5es voltadas \u00e0 seguran\u00e7a vi\u00e1ria e orienta\u00e7\u00f5es a pais e respons\u00e1veis sobre o comportamento no tr\u00e2nsito. O trabalho ser\u00e1 realizado em escolas localizadas em pontos de grande movimenta\u00e7\u00e3o de ve\u00edculos e pedestres.<\/p>\n<p>Agentes municipais de tr\u00e2nsito e equipes do Departamento de Educa\u00e7\u00e3o para o Tr\u00e2nsito estar\u00e3o nos locais definidos pela programa\u00e7\u00e3o para a a\u00e7\u00e3o. Eles far\u00e3o a orienta\u00e7\u00e3o dos pais e respons\u00e1veis, auxiliar\u00e3o os alunos na travessia de vias e far\u00e3o a distribui\u00e7\u00e3o de material educativo, al\u00e9m de prevenir comportamentos que trazem potencial risco, como estacionamento em fila dupla ou em locais proibidos.<\/p>\n<p>Pain\u00e9is de mensagens vari\u00e1veis (PMV) tamb\u00e9m ser\u00e3o deslocados para os pontos em que a Opera\u00e7\u00e3o Volta \u00e0s Aulas for realizada. Eles trar\u00e3o dizeres chamando a aten\u00e7\u00e3o \u00e0 necessidade de um comportamento seguro no tr\u00e2nsito.<\/p>\n<p>\u201cCom o retorno das aulas, \u00e9 natural que a movimenta\u00e7\u00e3o de ve\u00edculos pr\u00f3ximo \u00e0s escolas fique mais intensa e isso traz riscos potenciais, al\u00e9m de ter impacto na fluidez. A conscientiza\u00e7\u00e3o dos pais e respons\u00e1veis sobre a import\u00e2ncia de respeitar as regras de tr\u00e2nsito e de boa conviv\u00eancia \u00e9 fundamental para que a seguran\u00e7a de seus filhos e dos outros alunos seja garantida\u201d, destacou a secret\u00e1ria municipal de Mobilidade Urbana, Cristiane Ayres.<\/p>\n<p>Ela lembrou ainda que ser\u00e3o trabalhados com os pais e respons\u00e1veis temas como os riscos do uso do celular ao volante, os cuidados necess\u00e1rios para as travessias e a import\u00e2ncia de utilizar a faixa para pedestres.<\/p>\n<p>A programa\u00e7\u00e3o de atividades da Opera\u00e7\u00e3o Volta \u00e0s Aulas conta com atendimento em escolas municipais, estaduais e particulares localizadas na regi\u00e3o central e nos distritos de Cezar de Souza e Braz Cubas.<\/p>\n<p>Mais informa\u00e7\u00f5es sobre as atividades de Educa\u00e7\u00e3o para o Tr\u00e2nsito realizadas pela Secretaria Municipal de Mobilidade Urbana podem ser obtidas pelo telefone 4798-5142.<\/p>\n<p>&nbsp;<\/p>\n<div class=\"text-center\"><\/div>\n<\/div>\n<\/div>\n","protected":false},"excerpt":{"rendered":"<p>A Secretaria Municipal de Mobilidade Urbana inicia nesta quarta-feira (01\/02) a Opera\u00e7\u00e3o Volta \u00e0s Aulas, que ter\u00e1 a\u00e7\u00f5es voltadas \u00e0 seguran\u00e7a vi\u00e1ria e orienta\u00e7\u00f5es a pais e respons\u00e1veis sobre o comportamento no tr\u00e2nsito. O trabalho ser\u00e1 realizado em escolas localizadas em pontos de grande movimenta\u00e7\u00e3o de ve\u00edculos e pedestres. Agentes municipais de tr\u00e2nsito e equipes [&hellip;]<\/p>\n","protected":false},"author":1,"featured_media":5930,"comment_status":"open","ping_status":"open","sticky":false,"template":"","format":"standard","meta":{"footnotes":""},"categories":[10],"tags":[],"class_list":{"0":"post-5929","1":"post","2":"type-post","3":"status-publish","4":"format-standard","5":"has-post-thumbnail","7":"category-mogi-das-cruzes"},"_links":{"self":[{"href":"https:\/\/jm-metropole.com.br\/site\/wp-json\/wp\/v2\/posts\/5929","targetHints":{"allow":["GET"]}}],"collection":[{"href":"https:\/\/jm-metropole.com.br\/site\/wp-json\/wp\/v2\/posts"}],"about":[{"href":"https:\/\/jm-metropole.com.br\/site\/wp-json\/wp\/v2\/types\/post"}],"author":[{"embeddable":true,"href":"https:\/\/jm-metropole.com.br\/site\/wp-json\/wp\/v2\/users\/1"}],"replies":[{"embeddable":true,"href":"https:\/\/jm-metropole.com.br\/site\/wp-json\/wp\/v2\/comments?post=5929"}],"version-history":[{"count":1,"href":"https:\/\/jm-metropole.com.br\/site\/wp-json\/wp\/v2\/posts\/5929\/revisions"}],"predecessor-version":[{"id":5931,"href":"https:\/\/jm-metropole.com.br\/site\/wp-json\/wp\/v2\/posts\/5929\/revisions\/5931"}],"wp:featuredmedia":[{"embeddable":true,"href":"https:\/\/jm-metropole.com.br\/site\/wp-json\/wp\/v2\/media\/5930"}],"wp:attachment":[{"href":"https:\/\/jm-metropole.com.br\/site\/wp-json\/wp\/v2\/media?parent=5929"}],"wp:term":[{"taxonomy":"category","embeddable":true,"href":"https:\/\/jm-metropole.com.br\/site\/wp-json\/wp\/v2\/categories?post=5929"},{"taxonomy":"post_tag","embeddable":true,"href":"https:\/\/jm-metropole.com.br\/site\/wp-json\/wp\/v2\/tags?post=5929"}],"curies":[{"name":"wp","href":"https:\/\/api.w.org\/{rel}","templated":true}]}}