{"id":5926,"date":"2023-01-31T15:59:45","date_gmt":"2023-01-31T18:59:45","guid":{"rendered":"https:\/\/jm-metropole.com.br\/site\/?p=5926"},"modified":"2023-01-31T15:59:45","modified_gmt":"2023-01-31T18:59:45","slug":"programa-nova-mogi-avanca-para-o-jardim-layr-jardim-aeroporto-e-jardim-camila","status":"publish","type":"post","link":"https:\/\/jm-metropole.com.br\/site\/programa-nova-mogi-avanca-para-o-jardim-layr-jardim-aeroporto-e-jardim-camila\/","title":{"rendered":"Programa Nova Mogi avan\u00e7a para o Jardim Layr, Jardim Aeroporto e Jardim Camila"},"content":{"rendered":"<div class=\"col-sm-8 col-md-9 col-lg-9\">\n<div id=\"conteudo\" class=\"conteudo\">\n<p>As a\u00e7\u00f5es do Programa Nova Mogi, maior programa de recupera\u00e7\u00e3o asf\u00e1ltica j\u00e1 lan\u00e7ado pela Prefeitura de Mogi das Cruzes, por meio da Secretaria Municipal de Infraestrutura Urbana, chegam \u00e0 Avenida Jos\u00e9 Glic\u00e9rio de Melo, uma das principais vias que ligam o Jardim Camila ao Centro da cidade. Os trabalhos tiveram in\u00edcio nesta segunda-feira (30\/01) e v\u00e3o contemplar toda a extens\u00e3o da avenida &#8211; ao todo, 2,4 km.<\/p>\n<p>Devido \u00e0 complexidade da obra, as a\u00e7\u00f5es ser\u00e3o gradativas, come\u00e7ando pelo bairro S\u00e3o Jo\u00e3o e avan\u00e7ando por trechos at\u00e9 o Jardim Camila. \u00a0Nesta primeira etapa ser\u00e1 feita a instala\u00e7\u00e3o de guias, sarjetas e sarjet\u00f5es, posteriormente o recapeamento e sinaliza\u00e7\u00e3o. A previs\u00e3o \u00e9 que todos os servi\u00e7os sejam conclu\u00eddos em 40 dias, per\u00edodo em que os motoristas dever\u00e3o ter mais aten\u00e7\u00e3o aos desvios indicados pela sinaliza\u00e7\u00e3o de tr\u00e2nsito. A programa\u00e7\u00e3o pode sofrer altera\u00e7\u00f5es em fun\u00e7\u00e3o das condi\u00e7\u00f5es clim\u00e1ticas.<\/p>\n<p>Os \u00f4nibus que cumprem itiner\u00e1rio pela regi\u00e3o adotar\u00e3o alternativas \u00e0 medida em que as interdi\u00e7\u00f5es forem necess\u00e1rias.<\/p>\n<p>O Secret\u00e1rio Municipal de Infraestrutura Urbana, Alessandro Silveira, destaca a import\u00e2ncia do programa para o munic\u00edpio. &#8220;O Programa Nova Mogi vai renovar Mogi das Cruzes e os resultados das a\u00e7\u00f5es de renova\u00e7\u00e3o da capa asf\u00e1ltica j\u00e1 podem ser vistos em diversas vias. Assumimos esse compromisso com a Cidade com seriedade\u201d, refor\u00e7ou o secret\u00e1rio.<\/p>\n<p>Al\u00e9m da Avenida Jos\u00e9 Glic\u00e9rio de Melo, o Programa Nova Mogi contempla de forma simult\u00e2nea as ruas Guarapiranga e Jo\u00e3o da Cruz Braga, que ligam os bairros Jardim Layr e Jardim Aeroporto. Neste ponto da cidade, a previs\u00e3o \u00e9 que os servi\u00e7os sejam finalizados at\u00e9 o fim desta semana. \u00a0Com isso, j\u00e1 s\u00e3o mais de 9,2 km de ruas recuperadas.<\/p>\n<p>Em todos os locais de atua\u00e7\u00e3o os servi\u00e7os s\u00e3o feitos em parceria direta com a Secretaria Municipal de Mobilidade Urbana e com o Servi\u00e7o Municipal de \u00c1guas e Esgotos (Semae), que averigua e providencia eventuais reparos antes das obras de recapeamento para garantir durabilidade ao novo asfalto.<\/p>\n<p>O Nova Mogi tem investimento total de R$ 205,9 milh\u00f5es, somando diferentes conv\u00eanios e fontes de capta\u00e7\u00e3o de recursos e incluindo tamb\u00e9m obras em estradas da cidade, sob responsabilidade do Departamento de Estradas de Rodagem (DER). Ao todo, ser\u00e3o mais de 150 vias atendidas, numa extens\u00e3o m\u00ednima de 130 quil\u00f4metros, alcan\u00e7ando 70% dos bairros da cidade. Trata-se do maior programa de recupera\u00e7\u00e3o asf\u00e1ltica j\u00e1 lan\u00e7ado pela Prefeitura de Mogi e a previs\u00e3o \u00e9 que os trabalhos se estendam at\u00e9 o segundo semestre de 2024.<\/p>\n<p>&nbsp;<\/p>\n<div class=\"text-center\"><\/div>\n<\/div>\n<\/div>\n","protected":false},"excerpt":{"rendered":"<p>As a\u00e7\u00f5es do Programa Nova Mogi, maior programa de recupera\u00e7\u00e3o asf\u00e1ltica j\u00e1 lan\u00e7ado pela Prefeitura de Mogi das Cruzes, por meio da Secretaria Municipal de Infraestrutura Urbana, chegam \u00e0 Avenida Jos\u00e9 Glic\u00e9rio de Melo, uma das principais vias que ligam o Jardim Camila ao Centro da cidade. Os trabalhos tiveram in\u00edcio nesta segunda-feira (30\/01) e [&hellip;]<\/p>\n","protected":false},"author":1,"featured_media":5927,"comment_status":"open","ping_status":"open","sticky":false,"template":"","format":"standard","meta":{"footnotes":""},"categories":[10],"tags":[],"class_list":{"0":"post-5926","1":"post","2":"type-post","3":"status-publish","4":"format-standard","5":"has-post-thumbnail","7":"category-mogi-das-cruzes"},"_links":{"self":[{"href":"https:\/\/jm-metropole.com.br\/site\/wp-json\/wp\/v2\/posts\/5926","targetHints":{"allow":["GET"]}}],"collection":[{"href":"https:\/\/jm-metropole.com.br\/site\/wp-json\/wp\/v2\/posts"}],"about":[{"href":"https:\/\/jm-metropole.com.br\/site\/wp-json\/wp\/v2\/types\/post"}],"author":[{"embeddable":true,"href":"https:\/\/jm-metropole.com.br\/site\/wp-json\/wp\/v2\/users\/1"}],"replies":[{"embeddable":true,"href":"https:\/\/jm-metropole.com.br\/site\/wp-json\/wp\/v2\/comments?post=5926"}],"version-history":[{"count":1,"href":"https:\/\/jm-metropole.com.br\/site\/wp-json\/wp\/v2\/posts\/5926\/revisions"}],"predecessor-version":[{"id":5928,"href":"https:\/\/jm-metropole.com.br\/site\/wp-json\/wp\/v2\/posts\/5926\/revisions\/5928"}],"wp:featuredmedia":[{"embeddable":true,"href":"https:\/\/jm-metropole.com.br\/site\/wp-json\/wp\/v2\/media\/5927"}],"wp:attachment":[{"href":"https:\/\/jm-metropole.com.br\/site\/wp-json\/wp\/v2\/media?parent=5926"}],"wp:term":[{"taxonomy":"category","embeddable":true,"href":"https:\/\/jm-metropole.com.br\/site\/wp-json\/wp\/v2\/categories?post=5926"},{"taxonomy":"post_tag","embeddable":true,"href":"https:\/\/jm-metropole.com.br\/site\/wp-json\/wp\/v2\/tags?post=5926"}],"curies":[{"name":"wp","href":"https:\/\/api.w.org\/{rel}","templated":true}]}}