{"id":5917,"date":"2023-01-31T15:09:42","date_gmt":"2023-01-31T18:09:42","guid":{"rendered":"https:\/\/jm-metropole.com.br\/site\/?p=5917"},"modified":"2023-01-31T15:09:42","modified_gmt":"2023-01-31T18:09:42","slug":"coleta-seletiva-porta-a-porta-se-transforma-em-aliada-na-busca-pela-sustentabilidade","status":"publish","type":"post","link":"https:\/\/jm-metropole.com.br\/site\/coleta-seletiva-porta-a-porta-se-transforma-em-aliada-na-busca-pela-sustentabilidade\/","title":{"rendered":"Coleta Seletiva Porta a Porta se transforma em aliada na busca pela sustentabilidade"},"content":{"rendered":"<p>Servi\u00e7o j\u00e1 est\u00e1 dispon\u00edvel em 11 localidades do munic\u00edpio com foco na preserva\u00e7\u00e3o do meio ambiente e gera\u00e7\u00e3o de renda para agentes da GuaraRecicla<\/p>\n<p>Nos \u00faltimos anos, a gest\u00e3o do prefeito Z\u00e9, de Guararema, vem investindo recursos para ampliar a Coleta Seletiva Porta a Porta e diminuir a quantidade de lixo recicl\u00e1vel que se mistura com o lixo comum.<\/p>\n<p>Com isso, o servi\u00e7o j\u00e1 est\u00e1 dispon\u00edvel em 11 localidades do munic\u00edpio, al\u00e9m do importante trabalho feito junto aos com\u00e9rcios, que tamb\u00e9m est\u00e3o envolvidos neste processo. O objetivo de tanto trabalho e investimento consiste na preserva\u00e7\u00e3o do meio ambiente e gera\u00e7\u00e3o de renda, por meio do trabalho realizado pela Cooperativa GuaraRecicla.<\/p>\n<p>Atualmente, o caminh\u00e3o da coleta seletiva passa nas localidades D\u2019Ajuda, Jardim Itapema, Itapema, Itaoca, Freguesia da Escada e Vale dos Eucaliptos (ter\u00e7as-feiras); Ipiranga e Morro Branco (quartas-feiras); Centro, Nogueira e Dona An\u00edsia (quintas-feiras); e nos com\u00e9rcios (segunda, quarta e sexta-feira).<\/p>\n<p>Os materiais devem ser depositados at\u00e9 as 13 horas dos dias correspondentes ao bairro e nos dias em que houver a coleta de recicl\u00e1veis, n\u00e3o haver\u00e1 a coleta do lixo comum.<br \/>\nDe acordo com a Secret\u00e1ria de Obras, Meio Ambiente, Planejamento Urbano e Servi\u00e7os P\u00fablicos da prefeitura de Guararema, a Gest\u00e3o de Res\u00edduos S\u00f3lidos \u00e9 uma das principais demandas da Diretoria do Meio Ambiente e ampliando o Porta a Porta \u00e9 poss\u00edvel, cada vez mais, conscientizar a popula\u00e7\u00e3o e assim, destinar corretamente os res\u00edduos do munic\u00edpio.<br \/>\nAl\u00e9m disso, h\u00e1 uma programa\u00e7\u00e3o para dar acesso a toda popula\u00e7\u00e3o \u00e0 destina\u00e7\u00e3o correta dos materiais recicl\u00e1veis, seja pelo Porta a Porta, trocas na Loja P\u00e9rola do Bem ou via Pontos de Entrega Volunt\u00e1ria.<\/p>\n<p>Podem ser colocados para a retirada, os materiais como vidros, metais, pl\u00e1sticos, isopor, pap\u00e9is e papel\u00e3o e \u00f3leo de cozinha (bem fechado para n\u00e3o vazar).<\/p>\n<p>A Diretoria de Meio Ambiente de Guararema e a Cooperativa Guararecicla solicitam que os materiais destinados \u00e0 reciclagem estejam limpos, secos e separados, para facilitar a retirada dos itens pelos agentes da Cooperativa Guararecicla, respons\u00e1vel pelo servi\u00e7o.<\/p>\n","protected":false},"excerpt":{"rendered":"<p>Servi\u00e7o j\u00e1 est\u00e1 dispon\u00edvel em 11 localidades do munic\u00edpio com foco na preserva\u00e7\u00e3o do meio ambiente e gera\u00e7\u00e3o de renda para agentes da GuaraRecicla Nos \u00faltimos anos, a gest\u00e3o do prefeito Z\u00e9, de Guararema, vem investindo recursos para ampliar a Coleta Seletiva Porta a Porta e diminuir a quantidade de lixo recicl\u00e1vel que se mistura [&hellip;]<\/p>\n","protected":false},"author":1,"featured_media":5918,"comment_status":"open","ping_status":"open","sticky":false,"template":"","format":"standard","meta":{"footnotes":""},"categories":[8],"tags":[],"class_list":{"0":"post-5917","1":"post","2":"type-post","3":"status-publish","4":"format-standard","5":"has-post-thumbnail","7":"category-guararema"},"_links":{"self":[{"href":"https:\/\/jm-metropole.com.br\/site\/wp-json\/wp\/v2\/posts\/5917","targetHints":{"allow":["GET"]}}],"collection":[{"href":"https:\/\/jm-metropole.com.br\/site\/wp-json\/wp\/v2\/posts"}],"about":[{"href":"https:\/\/jm-metropole.com.br\/site\/wp-json\/wp\/v2\/types\/post"}],"author":[{"embeddable":true,"href":"https:\/\/jm-metropole.com.br\/site\/wp-json\/wp\/v2\/users\/1"}],"replies":[{"embeddable":true,"href":"https:\/\/jm-metropole.com.br\/site\/wp-json\/wp\/v2\/comments?post=5917"}],"version-history":[{"count":1,"href":"https:\/\/jm-metropole.com.br\/site\/wp-json\/wp\/v2\/posts\/5917\/revisions"}],"predecessor-version":[{"id":5919,"href":"https:\/\/jm-metropole.com.br\/site\/wp-json\/wp\/v2\/posts\/5917\/revisions\/5919"}],"wp:featuredmedia":[{"embeddable":true,"href":"https:\/\/jm-metropole.com.br\/site\/wp-json\/wp\/v2\/media\/5918"}],"wp:attachment":[{"href":"https:\/\/jm-metropole.com.br\/site\/wp-json\/wp\/v2\/media?parent=5917"}],"wp:term":[{"taxonomy":"category","embeddable":true,"href":"https:\/\/jm-metropole.com.br\/site\/wp-json\/wp\/v2\/categories?post=5917"},{"taxonomy":"post_tag","embeddable":true,"href":"https:\/\/jm-metropole.com.br\/site\/wp-json\/wp\/v2\/tags?post=5917"}],"curies":[{"name":"wp","href":"https:\/\/api.w.org\/{rel}","templated":true}]}}