{"id":589,"date":"2022-03-17T21:59:19","date_gmt":"2022-03-18T00:59:19","guid":{"rendered":"https:\/\/jm-metropole.com.br\/site\/?p=589"},"modified":"2022-03-17T21:59:25","modified_gmt":"2022-03-18T00:59:25","slug":"prefeitura-de-aruja-entrega-espaco-pcd-na-avenida-amazona-na-area-central","status":"publish","type":"post","link":"https:\/\/jm-metropole.com.br\/site\/prefeitura-de-aruja-entrega-espaco-pcd-na-avenida-amazona-na-area-central\/","title":{"rendered":"Prefeitura de Aruj\u00e1 entrega espa\u00e7o PCD na avenida Amazonas, na \u00e1rea central"},"content":{"rendered":"<p>A Prefeitura de Aruj\u00e1 entregou hoje (15), o Espa\u00e7o PCD (para Pessoas com Defici\u00eancia), localizado na avenida Amazonas, na altura do n\u00famero 200, no Centro.<br \/>\nO espa\u00e7o, que \u00e9 coberto, visa maior inclus\u00e3o social das crian\u00e7as, jovens e adultos PCDs, por meio do lazer e da pr\u00e1tica esportiva, sendo estrategicamente localizado ao lado de um playground j\u00e1 existente no local.<br \/>\nA iniciativa, coordenada pela Secretaria Municipal de Esportes, \u00e9 a primeira destinada a Pessoas com Defici\u00eancia em todo o Alto Tiet\u00ea, funcionando diariamente.<br \/>\nO equipamento p\u00fablico mede dez metros, sendo cinco metros para o Espa\u00e7o PCD Kids e cinco metros para a pr\u00e1tica esportiva dos PCDs (adultos e idosos), tendo, assim, equipamentos para todos os p\u00fablicos.<br \/>\nS\u00e3o tr\u00eas brinquedos infantis e quatro equipamentos de gin\u00e1stica, sendo dois gira-gira e um balan\u00e7o para o playground e para a academia uma supino, voador peitoral com dorsal, remada e desenvolvimento com puxada, todos adaptados.<br \/>\nPara o prefeito Luis Camargo, o Dr Camargo, o objetivo do espa\u00e7o n\u00e3o \u00e9 ser exclusivo e sim inclusivo. &#8220;A quest\u00e3o aqui refere-se \u00e0s pessoas mais vulner\u00e1veis e o fato \u00e9 que n\u00f3s, o Poder P\u00fablico, temos a obriga\u00e7\u00e3o de fazer a inclus\u00e3o social&#8221;, afirmou.<br \/>\n<img loading=\"lazy\" decoding=\"async\" class=\"size-medium wp-image-591 aligncenter\" src=\"https:\/\/jm-metropole.com.br\/site\/wp-content\/uploads\/2022\/03\/WhatsApp-Image-2022-03-17-at-20.36.52-300x200.jpeg\" alt=\"\" width=\"300\" height=\"200\" srcset=\"https:\/\/jm-metropole.com.br\/site\/wp-content\/uploads\/2022\/03\/WhatsApp-Image-2022-03-17-at-20.36.52-300x200.jpeg 300w, https:\/\/jm-metropole.com.br\/site\/wp-content\/uploads\/2022\/03\/WhatsApp-Image-2022-03-17-at-20.36.52-150x100.jpeg 150w, https:\/\/jm-metropole.com.br\/site\/wp-content\/uploads\/2022\/03\/WhatsApp-Image-2022-03-17-at-20.36.52-696x464.jpeg 696w, https:\/\/jm-metropole.com.br\/site\/wp-content\/uploads\/2022\/03\/WhatsApp-Image-2022-03-17-at-20.36.52.jpeg 720w\" sizes=\"auto, (max-width: 300px) 100vw, 300px\" \/><br \/>\nSegundo levantamento feito h\u00e1 cinco anos, pelo Conselho Municipal da Pessoa com Defici\u00eancia, juntamente com a Assist\u00eancia Social e o IBGE, 10% dos mais de 100 mil habitantes de Aruj\u00e1 s\u00e3o PCDs, tendo assim um total de 18.449 Pessoas com Defici\u00eancia (levando-se em conta todos os tipos de defici\u00eancia). No Cad\u00danico, h\u00e1 cadastrados 1.792 deficientes, sendo 885 homens e 907 mulheres. J\u00e1 pela Apae Aruj\u00e1, de acordo com a Secretaria Municipal de Educa\u00e7\u00e3o, s\u00e3o 128 alunos cadastrados no sistema.<br \/>\nO chefe do Executivo Municipal disse ainda que essa a\u00e7\u00e3o de governo \u00e9 apenas o in\u00edcio e que novas benfeitorias, em prol das Pessoas com Defici\u00eancia, est\u00e3o sendo tomadas. &#8220;Pr\u00f3ximo a esse Espa\u00e7o PCD, iremos adequar o banheiro p\u00fablico, que ser\u00e1 totalmente adaptado e dever\u00e1 ficar pronto em breve. Recentemente, demos in\u00edcio ao programa de Libras em nossas escolas municipais e, em breve, mais de seis mil alunos ter\u00e3o acesso a este ensino.<br \/>\nNo momento, 200 professores v\u00eam se capacitando para possibilitar o in\u00edcio das aulas de Libras. Estamos preparando tamb\u00e9m atividades dentro do programa Viva Esporte na cidade e criaremos um corpo paral\u00edmpico de atletas para bocha&#8221;, destacou.<br \/>\nMarcou presen\u00e7a no evento o atleta paral\u00edmpico de bocha, Maciel Santos, que j\u00e1 participou de v\u00e1rias paralimp\u00edadas pela Sele\u00e7\u00e3o Brasileira, inclusive, em Londres ( 2012 ), Rio de Janeiro ( 2016 ), T\u00f3quio ( 2020), e que veio de Mogi das Cruzes para prestigiar a inaugura\u00e7\u00e3o do Espa\u00e7o PCD.<br \/>\nPela C\u00e2mara Municipal de Aruj\u00e1, o vereador Divinei da Silva representou o presidente Abelzinho e o Legislativo arujaense, e parabenizou a Prefeitura pelo espa\u00e7o, reiterando o empenho da Casa de Leis que aprovou, recentemente, o Projeto de Resolu\u00e7\u00e3o 14\/22, que cria a Comiss\u00e3o de Defesa dos Direitos da Pessoa com Defici\u00eancia. &#8220;Agora, com a comiss\u00e3o, iremos fazer um trabalho ainda melhor para os PCDs do nosso munic\u00edpio&#8221;, ressaltou.<br \/>\nPara o secret\u00e1rio municipal de Esportes, Fabio Andr\u00e9, que estava ao lado de seu adjunto Anderson &#8220;Bolinha&#8221;, a Prefeitura de Aruj\u00e1 est\u00e1 cumprindo literalmente o seu lema, que \u00e9 &#8220;Cuidando das Pessoas&#8221;. &#8220;Esse \u00e9 o pontap\u00e9 inicial, para uma s\u00e9rie de a\u00e7\u00f5es que iremos desenvolver dentro do nosso programa Viva Esporte e tamb\u00e9m das a\u00e7\u00f5es de governo que ir\u00e3o promover maior acessibilidade na cidade&#8221;, observou.<br \/>\nEstiveram presentes na cerim\u00f4nia, al\u00e9m do prefeito Dr Camargo, do secret\u00e1rio municipal de Esportes Fabio Andr\u00e9, do presidente da C\u00e2mara Abelzinho e o vereador Divinei, os vereadores Luiz Fernando, Professora Cris do Barreto, Reynaldinho, Jo\u00e3o Luiz, Jean da Padaria, Renan de Aruj\u00e1, Genilson Moto, Reynaldinho, GCM Uelton e Pastor Samoel Maia, bem como secret\u00e1rios municipais, a presidente do Conselho Municipal da Pessoa com Defici\u00eancia, Sonia Barradas, e membros da entidade; a diretora da Associa\u00e7\u00e3o de Pais e Amigos dos Excepcionais (Apae) Sueli Maria Alves Perandin Arambul e o professor de Educa\u00e7\u00e3o F\u00edsica da entidade Carlos Alberto Medeiros; a representante do Conselho Municipal do Idoso, Reinilde Oliveira Lima, al\u00e9m de Hadassa Machado dos Santos, das g\u00eameas autistas : Ana Maria Machado Evaristo dos Santos e Maria Luiza Machado Evaristo dos Santos, de 16 anos, entre outros representantes dos PCDs arujaenses.<\/p>\n","protected":false},"excerpt":{"rendered":"<p>A Prefeitura de Aruj\u00e1 entregou hoje (15), o Espa\u00e7o PCD (para Pessoas com Defici\u00eancia), localizado na avenida Amazonas, na altura do n\u00famero 200, no Centro. O espa\u00e7o, que \u00e9 coberto, visa maior inclus\u00e3o social das crian\u00e7as, jovens e adultos PCDs, por meio do lazer e da pr\u00e1tica esportiva, sendo estrategicamente localizado ao lado de um [&hellip;]<\/p>\n","protected":false},"author":1,"featured_media":590,"comment_status":"open","ping_status":"open","sticky":false,"template":"","format":"standard","meta":{"footnotes":""},"categories":[4],"tags":[],"class_list":{"0":"post-589","1":"post","2":"type-post","3":"status-publish","4":"format-standard","5":"has-post-thumbnail","7":"category-aruja"},"_links":{"self":[{"href":"https:\/\/jm-metropole.com.br\/site\/wp-json\/wp\/v2\/posts\/589","targetHints":{"allow":["GET"]}}],"collection":[{"href":"https:\/\/jm-metropole.com.br\/site\/wp-json\/wp\/v2\/posts"}],"about":[{"href":"https:\/\/jm-metropole.com.br\/site\/wp-json\/wp\/v2\/types\/post"}],"author":[{"embeddable":true,"href":"https:\/\/jm-metropole.com.br\/site\/wp-json\/wp\/v2\/users\/1"}],"replies":[{"embeddable":true,"href":"https:\/\/jm-metropole.com.br\/site\/wp-json\/wp\/v2\/comments?post=589"}],"version-history":[{"count":2,"href":"https:\/\/jm-metropole.com.br\/site\/wp-json\/wp\/v2\/posts\/589\/revisions"}],"predecessor-version":[{"id":593,"href":"https:\/\/jm-metropole.com.br\/site\/wp-json\/wp\/v2\/posts\/589\/revisions\/593"}],"wp:featuredmedia":[{"embeddable":true,"href":"https:\/\/jm-metropole.com.br\/site\/wp-json\/wp\/v2\/media\/590"}],"wp:attachment":[{"href":"https:\/\/jm-metropole.com.br\/site\/wp-json\/wp\/v2\/media?parent=589"}],"wp:term":[{"taxonomy":"category","embeddable":true,"href":"https:\/\/jm-metropole.com.br\/site\/wp-json\/wp\/v2\/categories?post=589"},{"taxonomy":"post_tag","embeddable":true,"href":"https:\/\/jm-metropole.com.br\/site\/wp-json\/wp\/v2\/tags?post=589"}],"curies":[{"name":"wp","href":"https:\/\/api.w.org\/{rel}","templated":true}]}}