{"id":5838,"date":"2023-01-27T11:24:24","date_gmt":"2023-01-27T14:24:24","guid":{"rendered":"https:\/\/jm-metropole.com.br\/site\/?p=5838"},"modified":"2023-01-27T11:24:24","modified_gmt":"2023-01-27T14:24:24","slug":"prefeita-marcia-bin-acompanha-a-chegada-dos-kits-de-uniformes-nas-escolas","status":"publish","type":"post","link":"https:\/\/jm-metropole.com.br\/site\/prefeita-marcia-bin-acompanha-a-chegada-dos-kits-de-uniformes-nas-escolas\/","title":{"rendered":"Prefeita Marcia Bin acompanha a chegada dos kits de uniformes nas escolas"},"content":{"rendered":"<p>A chefe do Executivo vistoriou as pe\u00e7as nesta quarta-feira (25\/01), ao lado da secret\u00e1ria de Educa\u00e7\u00e3o, Simone Lacerda, e confirmou a entrega no in\u00edcio do ano letivo<\/p>\n<p>Com o retorno das aulas na rede municipal, marcado para o dia 1\u00ba de fevereiro, a Prefeitura de Po\u00e1, por meio da Secretaria Municipal de Educa\u00e7\u00e3o, j\u00e1 iniciou o envio dos kits de uniformes para as escolas. Nesta quarta-feira (25\/01), a prefeita Marcia Bin acompanhou o processo na Emeb Professora Carolina Ribeiro, na Vila Bandeirantes, e confirmou a entrega dos uniformes aos alunos no in\u00edcio do ano letivo.<\/p>\n<p>A vistoria foi acompanhada da secret\u00e1ria de Educa\u00e7\u00e3o, Simone Lacerda. Segundo a chefe da Pasta, mais de 13 mil estudantes ir\u00e3o receber os kits compostos por duas cal\u00e7as, duas bermudas, uma jaqueta, duas camisetas de manga longa e tr\u00eas de manga curta.<\/p>\n<p>De acordo com a prefeita, todos os kits foram cuidadosamente analisados. \u201cEstamos vistoriando mais uma vez todo o uniforme, pois a entrega do mesmo j\u00e1 come\u00e7a com o retorno das aulas. O kit \u00e9 completo, com pe\u00e7as de qualidade\u201d, disse a chefe do Executivo.<\/p>\n<p>Planejamento<\/p>\n<p>A secret\u00e1ria de Educa\u00e7\u00e3o ressaltou tamb\u00e9m que esta semana a equipe pedag\u00f3gica e os coordenadores das escolas municipais se reuniram para o planejamento do ano letivo. Al\u00e9m de proporcionar um acolhimento aos profissionais, os encontros t\u00eam como objetivo desenvolver os projetos que ser\u00e3o colocados em pr\u00e1tica no ambiente escolar em 2023, bem como se planejar para levar novas experi\u00eancias e seguir com um ensino de qualidade aos estudantes.<\/p>\n<p>Seguran\u00e7a<\/p>\n<p>Vale lembrar que todas as unidades escolares de Po\u00e1 agora possuem sistema de monitoramento digital 24 horas, que tamb\u00e9m conta com alarme e um bot\u00e3o de p\u00e2nico que pode ser acionado durante todo o dia pelos profissionais das institui\u00e7\u00f5es. \u201cAs c\u00e2meras foram implantadas em outubro de 2022 e garantem mais seguran\u00e7a e bem-estar tanto para os alunos quanto para os profissionais de Educa\u00e7\u00e3o\u201d, finalizou a chefe da Pasta.<\/p>\n<p>FOTOS: Rodrigo Nagafuti \/ Secom Po\u00e1<\/p>\n","protected":false},"excerpt":{"rendered":"<p>A chefe do Executivo vistoriou as pe\u00e7as nesta quarta-feira (25\/01), ao lado da secret\u00e1ria de Educa\u00e7\u00e3o, Simone Lacerda, e confirmou a entrega no in\u00edcio do ano letivo Com o retorno das aulas na rede municipal, marcado para o dia 1\u00ba de fevereiro, a Prefeitura de Po\u00e1, por meio da Secretaria Municipal de Educa\u00e7\u00e3o, j\u00e1 iniciou [&hellip;]<\/p>\n","protected":false},"author":1,"featured_media":5839,"comment_status":"open","ping_status":"open","sticky":false,"template":"","format":"standard","meta":{"footnotes":""},"categories":[19],"tags":[],"class_list":{"0":"post-5838","1":"post","2":"type-post","3":"status-publish","4":"format-standard","5":"has-post-thumbnail","7":"category-poa"},"_links":{"self":[{"href":"https:\/\/jm-metropole.com.br\/site\/wp-json\/wp\/v2\/posts\/5838","targetHints":{"allow":["GET"]}}],"collection":[{"href":"https:\/\/jm-metropole.com.br\/site\/wp-json\/wp\/v2\/posts"}],"about":[{"href":"https:\/\/jm-metropole.com.br\/site\/wp-json\/wp\/v2\/types\/post"}],"author":[{"embeddable":true,"href":"https:\/\/jm-metropole.com.br\/site\/wp-json\/wp\/v2\/users\/1"}],"replies":[{"embeddable":true,"href":"https:\/\/jm-metropole.com.br\/site\/wp-json\/wp\/v2\/comments?post=5838"}],"version-history":[{"count":1,"href":"https:\/\/jm-metropole.com.br\/site\/wp-json\/wp\/v2\/posts\/5838\/revisions"}],"predecessor-version":[{"id":5840,"href":"https:\/\/jm-metropole.com.br\/site\/wp-json\/wp\/v2\/posts\/5838\/revisions\/5840"}],"wp:featuredmedia":[{"embeddable":true,"href":"https:\/\/jm-metropole.com.br\/site\/wp-json\/wp\/v2\/media\/5839"}],"wp:attachment":[{"href":"https:\/\/jm-metropole.com.br\/site\/wp-json\/wp\/v2\/media?parent=5838"}],"wp:term":[{"taxonomy":"category","embeddable":true,"href":"https:\/\/jm-metropole.com.br\/site\/wp-json\/wp\/v2\/categories?post=5838"},{"taxonomy":"post_tag","embeddable":true,"href":"https:\/\/jm-metropole.com.br\/site\/wp-json\/wp\/v2\/tags?post=5838"}],"curies":[{"name":"wp","href":"https:\/\/api.w.org\/{rel}","templated":true}]}}