{"id":5835,"date":"2023-01-27T11:22:37","date_gmt":"2023-01-27T14:22:37","guid":{"rendered":"https:\/\/jm-metropole.com.br\/site\/?p=5835"},"modified":"2023-01-27T11:22:37","modified_gmt":"2023-01-27T14:22:37","slug":"pesquisa-sugere-que-a-rotacao-do-nucleo-interno-da-terra-pode-ter-parado-e-pode-ate-girar-ao-contrario","status":"publish","type":"post","link":"https:\/\/jm-metropole.com.br\/site\/pesquisa-sugere-que-a-rotacao-do-nucleo-interno-da-terra-pode-ter-parado-e-pode-ate-girar-ao-contrario\/","title":{"rendered":"Pesquisa sugere que a rota\u00e7\u00e3o do n\u00facleo interno da Terra pode ter parado e pode at\u00e9 girar ao contr\u00e1rio."},"content":{"rendered":"<p>A Terra \u00e9 formada pela crosta, pelo manto e pelos n\u00facleos interno e externo. O n\u00facleo interno \u00e9 s\u00f3lido e est\u00e1 situado a cerca de 5.100 quil\u00f4metros abaixo da crosta terrestre e se separa do manto semiss\u00f3lido pelo n\u00facleo externo l\u00edquido, que permite que o n\u00facleo interno gire a uma velocidade diferente da rota\u00e7\u00e3o da pr\u00f3pria Terra.<\/p>\n<p>Com quase 3.500 quil\u00f4metros, o n\u00facleo da Terra tem aproximadamente o tamanho de Marte. \u00c9 formado principalmente por ferro e n\u00edquel e cont\u00e9m cerca de um ter\u00e7o da massa da Terra.<\/p>\n<p>Em recente pesquisa publicada na revista Nature Geoscience na \u00faltima segunda-feira (23), Yi Yang, cientista da Universidade de Pequim, e Xiaodong Song, professor catedr\u00e1tico da Universidade de Pequim, estudaram ondas s\u00edsmicas de terremotos que passaram pelo n\u00facleo interno da Terra ao longo de caminhos semelhantes desde a d\u00e9cada de 1960 at\u00e9 inferir o qu\u00e3o r\u00e1pido o n\u00facleo interno est\u00e1 girando.<\/p>\n<p>As descobertas foram inesperadas, eles disseram. Desde 2009, os registros s\u00edsmicos, que antes mudavam ao longo do tempo, mostraram pouca diferen\u00e7a. Isso, segundo eles, suge supostamente que a rota\u00e7\u00e3o do n\u00facleo interno da terra havia parado de girar.<\/p>\n<p>\u201cMostramos observa\u00e7\u00f5es surpreendentes que indicam que o n\u00facleo interno quase cessou sua rota\u00e7\u00e3o na \u00faltima d\u00e9cada e pode estar passando por um retrocesso\u201d, escreveram no estudo.<\/p>\n<p>\u201cQuando voc\u00ea olha para a d\u00e9cada entre 1980 e 1990, v\u00ea uma mudan\u00e7a clara, mas quando observa de 2010 a 2020, n\u00e3o v\u00ea muita mudan\u00e7a\u201d, acrescentou Song.<\/p>\n<p>A rota\u00e7\u00e3o do n\u00facleo interno \u00e9 impulsionada pelo campo magn\u00e9tico gerado no n\u00facleo externo e equilibrada pelos efeitos gravitacionais do manto. Saber como o n\u00facleo interno gira pode esclarecer como essas camadas interagem e outros processos nas profundezas da Terra.<\/p>\n<p>Por\u00e9m, a velocidade dessa rota\u00e7\u00e3o, e se ela varia, \u00e9 debatida, disse Hrvoje Tkalcic, geof\u00edsico da Universidade Nacional Australiana, que n\u00e3o participou do estudo.<\/p>\n<p>\u201cO n\u00facleo interno n\u00e3o para completamente\u201d, disse ele. A descoberta do estudo, disse, \u201csignifica que o n\u00facleo interno est\u00e1 agora mais sincronizado com o resto do planeta do que h\u00e1 uma d\u00e9cada, quando girava um pouco mais r\u00e1pido\u201d.<\/p>\n<p>\u201cNada catacl\u00edsmico est\u00e1 acontecendo\u201d, acrescentou.<\/p>\n<p>Song e Yang argumentam que, com base em seus c\u00e1lculos, um pequeno desequil\u00edbrio nas for\u00e7as eletromagn\u00e9tica e gravitacional poderia diminuir e at\u00e9 mesmo reverter a rota\u00e7\u00e3o do n\u00facleo interno. Eles acreditam que isso faz parte de um ciclo de sete d\u00e9cadas, e que a virada anterior \u00e0quela que detectaram em seus dados por volta de 2009\/2010 ocorreu no in\u00edcio dos anos 1970.<\/p>\n<p>Tkalcic, autor de \u201cThe Earth\u2019s Inner Core: Revealed by Observational Sismology\u201d, disse que a \u201can\u00e1lise de dados do estudo \u00e9 s\u00f3lida\u201d. No entanto, as descobertas do estudo \u201cdevem ser entendidas com cautela\u201d, pois \u201cs\u00e3o necess\u00e1rios mais dados e m\u00e9todos inovadores para esclarecer esse problema interessante\u201d.<\/p>\n<p>Song e Yang concordaram que mais pesquisas s\u00e3o necess\u00e1rias.<\/p>\n<p>Estudando o n\u00facleo da Terra<br \/>\nTkalcic, que dedica um cap\u00edtulo inteiro de seu livro \u00e0 rota\u00e7\u00e3o do n\u00facleo interno, sugeriu que o ciclo do n\u00facleo interno ocorre a cada 20 a 30 anos, em vez dos 70 propostos no estudo mais recente. Ele explicou por que tais varia\u00e7\u00f5es ocorrem e por que \u00e9 t\u00e3o dif\u00edcil entender o que acontece no interior do planeta.<\/p>\n<p>\u201cOs objetos de nossos estudos est\u00e3o enterrados milhares de quil\u00f4metros sob nossos p\u00e9s\u201d, disse ele.<\/p>\n<p>\u201cUsamos m\u00e9todos de infer\u00eancia geof\u00edsica para estimar as propriedades internas da Terra, e deve-se ter cautela at\u00e9 que descobertas multidisciplinares confirmem nossas hip\u00f3teses e estruturas conceituais\u201d, explicou ele.<\/p>\n<p>\u201cVoc\u00ea pode pensar nos sism\u00f3logos como m\u00e9dicos que estudam os \u00f3rg\u00e3os internos dos corpos dos pacientes usando equipamentos imperfeitos ou limitados. Portanto, apesar do progresso, nossa imagem do interior da Terra ainda est\u00e1 emba\u00e7ada e ainda estamos no est\u00e1gio de descoberta\u201d.<\/p>\n<p>Fonte : CNN<\/p>\n","protected":false},"excerpt":{"rendered":"<p>A Terra \u00e9 formada pela crosta, pelo manto e pelos n\u00facleos interno e externo. O n\u00facleo interno \u00e9 s\u00f3lido e est\u00e1 situado a cerca de 5.100 quil\u00f4metros abaixo da crosta terrestre e se separa do manto semiss\u00f3lido pelo n\u00facleo externo l\u00edquido, que permite que o n\u00facleo interno gire a uma velocidade diferente da rota\u00e7\u00e3o da [&hellip;]<\/p>\n","protected":false},"author":1,"featured_media":5836,"comment_status":"open","ping_status":"open","sticky":false,"template":"","format":"standard","meta":{"footnotes":""},"categories":[1],"tags":[],"class_list":{"0":"post-5835","1":"post","2":"type-post","3":"status-publish","4":"format-standard","5":"has-post-thumbnail","7":"category-tudo"},"_links":{"self":[{"href":"https:\/\/jm-metropole.com.br\/site\/wp-json\/wp\/v2\/posts\/5835","targetHints":{"allow":["GET"]}}],"collection":[{"href":"https:\/\/jm-metropole.com.br\/site\/wp-json\/wp\/v2\/posts"}],"about":[{"href":"https:\/\/jm-metropole.com.br\/site\/wp-json\/wp\/v2\/types\/post"}],"author":[{"embeddable":true,"href":"https:\/\/jm-metropole.com.br\/site\/wp-json\/wp\/v2\/users\/1"}],"replies":[{"embeddable":true,"href":"https:\/\/jm-metropole.com.br\/site\/wp-json\/wp\/v2\/comments?post=5835"}],"version-history":[{"count":1,"href":"https:\/\/jm-metropole.com.br\/site\/wp-json\/wp\/v2\/posts\/5835\/revisions"}],"predecessor-version":[{"id":5837,"href":"https:\/\/jm-metropole.com.br\/site\/wp-json\/wp\/v2\/posts\/5835\/revisions\/5837"}],"wp:featuredmedia":[{"embeddable":true,"href":"https:\/\/jm-metropole.com.br\/site\/wp-json\/wp\/v2\/media\/5836"}],"wp:attachment":[{"href":"https:\/\/jm-metropole.com.br\/site\/wp-json\/wp\/v2\/media?parent=5835"}],"wp:term":[{"taxonomy":"category","embeddable":true,"href":"https:\/\/jm-metropole.com.br\/site\/wp-json\/wp\/v2\/categories?post=5835"},{"taxonomy":"post_tag","embeddable":true,"href":"https:\/\/jm-metropole.com.br\/site\/wp-json\/wp\/v2\/tags?post=5835"}],"curies":[{"name":"wp","href":"https:\/\/api.w.org\/{rel}","templated":true}]}}