{"id":5832,"date":"2023-01-27T06:56:13","date_gmt":"2023-01-27T09:56:13","guid":{"rendered":"https:\/\/jm-metropole.com.br\/site\/?p=5832"},"modified":"2023-01-27T06:56:13","modified_gmt":"2023-01-27T09:56:13","slug":"fabiano-oliveira-novais-assume-o-comando-da-secretaria-de-esporte-e-lazer-de-itaquaquecetuba","status":"publish","type":"post","link":"https:\/\/jm-metropole.com.br\/site\/fabiano-oliveira-novais-assume-o-comando-da-secretaria-de-esporte-e-lazer-de-itaquaquecetuba\/","title":{"rendered":"Fabiano Oliveira Novais assume o comando da Secretaria de Esporte e Lazer de Itaquaquecetuba"},"content":{"rendered":"<p>Novo secret\u00e1rio \u00e9 formado em educa\u00e7\u00e3o f\u00edsica e atuava como secret\u00e1rio adjunto de Educa\u00e7\u00e3o<\/p>\n<p>A Prefeitura de Itaquaquecetuba agradece o trabalho do ex-jogador de futebol Marcelo Pereira Surcin e comunica a nomea\u00e7\u00e3o de Fabiano Oliveira Novais para o cargo de secret\u00e1rio municipal de Esporte e Lazer.<\/p>\n<p>Fabiano tem 42 anos e sempre morou em Itaquaquecetuba. \u00c9 graduado em educa\u00e7\u00e3o f\u00edsica, sociologia e pedagogia, com p\u00f3s-gradua\u00e7\u00e3o em doc\u00eancia do ensino superior e uma vasta experi\u00eancia na rede municipal.<\/p>\n<p>Sua trajet\u00f3ria iniciou-se em 2007 com projetos sociais e professor de voleibol adaptado, em 2012 atuou como professor de educa\u00e7\u00e3o f\u00edsica, foi diretor de escola, supervisor de ensino, secret\u00e1rio de Educa\u00e7\u00e3o em 2019 e secret\u00e1rio adjunto de Educa\u00e7\u00e3o em 2022. Na rede estadual, foi professor de educa\u00e7\u00e3o f\u00edsica de 2009 a 2016 e tamb\u00e9m atuou como avaliador f\u00edsico em academias.<\/p>\n<p>Fabiano tem a miss\u00e3o de reestruturar o esporte municipal, fazer interlocu\u00e7\u00e3o com os governos estadual e federal e revitalizar os equipamentos esportivos municipais, como os gin\u00e1sios Sumiyoshi Nakaharada, na Vila Jap\u00e3o, e Roberto Noriaki Iamashita, no Piratininga. Seus outros desafios envolvem a reforma da pista de skate da Vila Virg\u00ednia e a cria\u00e7\u00e3o da Liga Esportiva Municipal.<\/p>\n<p>A Prefeitura de Itaquaquecetuba deseja boa sorte ao novo secret\u00e1rio.<\/p>\n<p>Foto: Dayane Oliveira<\/p>\n","protected":false},"excerpt":{"rendered":"<p>Novo secret\u00e1rio \u00e9 formado em educa\u00e7\u00e3o f\u00edsica e atuava como secret\u00e1rio adjunto de Educa\u00e7\u00e3o A Prefeitura de Itaquaquecetuba agradece o trabalho do ex-jogador de futebol Marcelo Pereira Surcin e comunica a nomea\u00e7\u00e3o de Fabiano Oliveira Novais para o cargo de secret\u00e1rio municipal de Esporte e Lazer. Fabiano tem 42 anos e sempre morou em Itaquaquecetuba. [&hellip;]<\/p>\n","protected":false},"author":1,"featured_media":5833,"comment_status":"open","ping_status":"open","sticky":false,"template":"","format":"standard","meta":{"footnotes":""},"categories":[6],"tags":[],"class_list":{"0":"post-5832","1":"post","2":"type-post","3":"status-publish","4":"format-standard","5":"has-post-thumbnail","7":"category-itaqua"},"_links":{"self":[{"href":"https:\/\/jm-metropole.com.br\/site\/wp-json\/wp\/v2\/posts\/5832","targetHints":{"allow":["GET"]}}],"collection":[{"href":"https:\/\/jm-metropole.com.br\/site\/wp-json\/wp\/v2\/posts"}],"about":[{"href":"https:\/\/jm-metropole.com.br\/site\/wp-json\/wp\/v2\/types\/post"}],"author":[{"embeddable":true,"href":"https:\/\/jm-metropole.com.br\/site\/wp-json\/wp\/v2\/users\/1"}],"replies":[{"embeddable":true,"href":"https:\/\/jm-metropole.com.br\/site\/wp-json\/wp\/v2\/comments?post=5832"}],"version-history":[{"count":1,"href":"https:\/\/jm-metropole.com.br\/site\/wp-json\/wp\/v2\/posts\/5832\/revisions"}],"predecessor-version":[{"id":5834,"href":"https:\/\/jm-metropole.com.br\/site\/wp-json\/wp\/v2\/posts\/5832\/revisions\/5834"}],"wp:featuredmedia":[{"embeddable":true,"href":"https:\/\/jm-metropole.com.br\/site\/wp-json\/wp\/v2\/media\/5833"}],"wp:attachment":[{"href":"https:\/\/jm-metropole.com.br\/site\/wp-json\/wp\/v2\/media?parent=5832"}],"wp:term":[{"taxonomy":"category","embeddable":true,"href":"https:\/\/jm-metropole.com.br\/site\/wp-json\/wp\/v2\/categories?post=5832"},{"taxonomy":"post_tag","embeddable":true,"href":"https:\/\/jm-metropole.com.br\/site\/wp-json\/wp\/v2\/tags?post=5832"}],"curies":[{"name":"wp","href":"https:\/\/api.w.org\/{rel}","templated":true}]}}