{"id":5829,"date":"2023-01-27T06:54:09","date_gmt":"2023-01-27T09:54:09","guid":{"rendered":"https:\/\/jm-metropole.com.br\/site\/?p=5829"},"modified":"2023-01-27T06:54:09","modified_gmt":"2023-01-27T09:54:09","slug":"projeto-verao-no-parque-recebe-210-inscricoes-e-define-formacao-de-turmas","status":"publish","type":"post","link":"https:\/\/jm-metropole.com.br\/site\/projeto-verao-no-parque-recebe-210-inscricoes-e-define-formacao-de-turmas\/","title":{"rendered":"Projeto Ver\u00e3o no Parque recebe 210 inscri\u00e7\u00f5es e define forma\u00e7\u00e3o de turmas"},"content":{"rendered":"<div class=\"col-sm-8 col-md-9 col-lg-9\">\n<div id=\"conteudo\" class=\"conteudo\">\n<p>O Projeto Ver\u00e3o no Parque, iniciativa da Secretaria Municipal do Meio Ambiente e Prote\u00e7\u00e3o Animal que oferecer\u00e1 oficinas, palestras e eventos entre os dias 4 de fevereiro e 25 de mar\u00e7o, recebeu um total de 210 inscri\u00e7\u00f5es. Os inscritos responderam um formul\u00e1rio encaminhado por e-mail ou confirmaram a presen\u00e7a pelo telefone 4798-5959. Com o n\u00famero de participantes definido, foram formadas as turmas\u00a0<em>(veja no final da p\u00e1gina)<\/em>. A secretaria est\u00e1 encaminhando e-mails informando em qual turma cada pessoa est\u00e1 inclu\u00edda.<\/p>\n<p>As atividades do Projeto Ver\u00e3o no Parque ser\u00e3o realizadas no Parque Natural Municipal Francisco Affonso de Mello \u2013 Chiquinho Ver\u00edssimo. As iniciativas s\u00e3o voltadas para a educa\u00e7\u00e3o ambiental e ser\u00e3o desenvolvidas de forma a atender o plano de manejo do parque, inclusive em rela\u00e7\u00e3o ao n\u00famero di\u00e1rio de participantes. \u00c9 importante frisar que as inscri\u00e7\u00f5es est\u00e3o encerradas.<\/p>\n<p>O Parque Municipal \u00e9 uma unidade de conserva\u00e7\u00e3o e as visitas ocorrem sempre de forma monitorada. O local \u00e9 um dos principais patrim\u00f4nios naturais da cidade e possui um rico ecossistema preservado, sendo, por isso, um \u00f3timo local para a realiza\u00e7\u00e3o de oficinas e palestras sobre o meio ambiente.<\/p>\n<p>A programa\u00e7\u00e3o ter\u00e1 in\u00edcio no dia 4 de fevereiro, com uma oficina sobre plantas medicinais, com explica\u00e7\u00f5es a respeito de plantio e usos. No dia 11, haver\u00e1 uma palestra sobre animais silvestres. J\u00e1 no dia 25, ser\u00e1 a vez de uma roda de conversa sobre as Plantas Aliment\u00edcias N\u00e3o Convencionais.<\/p>\n<p>No m\u00eas de mar\u00e7o haver\u00e1 mais eventos. No dia 4, ser\u00e1 realizada uma atividade de reintrodu\u00e7\u00e3o de orqu\u00eddeas. No dia 11, ocorrer\u00e1 uma oficina de produ\u00e7\u00e3o de mudas. Finalizando a programa\u00e7\u00e3o, nos dias 18 e 25 o projeto oferecer\u00e1 uma oficina de constru\u00e7\u00e3o de aquecedor solar com materiais recicl\u00e1veis.<\/p>\n<p>As palestras e oficinas ser\u00e3o ministradas por t\u00e9cnicos da Secretaria Municipal do Verde e Meio Ambiente e tamb\u00e9m por especialistas nas \u00e1reas abordadas. O Projeto Ver\u00e3o no Parque tem como objetivo oferecer educa\u00e7\u00e3o ambiental aos mogianos de uma maneira integrada, mantendo contato com a natureza.<\/p>\n<p>Sempre bom lembrar que as atividades s\u00e3o de educa\u00e7\u00e3o ambiental e desenvolvidas de forma a atender o plano de manejo do parque, inclusive em rela\u00e7\u00e3o ao n\u00famero de pessoas por dia Tamb\u00e9m pode lembrar que as inscri\u00e7\u00f5es est\u00e3o encerradas<\/p>\n<p>&nbsp;<\/p>\n<p><strong>TURMAS<\/strong><\/p>\n<p><strong>Oficina sobre Plantas Medicinais (4 de fevereiro): 51 participantes confirmados<\/strong><br \/>\nTurma 1: 8h30 \u00e0s 11h30<br \/>\nTurma 2: 13h30 \u00e0s 16h30<\/p>\n<p><strong>Palestra sobre Animais Silvestres (11 de fevereiro): 34 participantes confirmados<\/strong><br \/>\nTurma \u00fanica: 8h30 \u00e0s 11h30<\/p>\n<p><strong>Roda de conversa sobre Plantas Aliment\u00edcias N\u00e3o-Convencionais (25 de fevereiro): 28 participantes confirmados<\/strong><br \/>\nTurma \u00fanica: 8h30 \u00e0s 11h30<\/p>\n<p><strong>Atividade de reintrodu\u00e7\u00e3o de orqu\u00eddeas (4 de mar\u00e7o): 22 participantes confirmados<\/strong><br \/>\nTurma \u00fanica: 8h30 \u00e0s 11h30<\/p>\n<p><strong>Oficina sobre produ\u00e7\u00e3o de mudas (11 de mar\u00e7o): 36 participantes confirmados<\/strong><br \/>\nTurma 1: 8h30 \u00e0s 11h30<br \/>\nTurma 2: 13h30 \u00e0s 16h30<\/p>\n<p><strong>Oficina de constru\u00e7\u00e3o de aquecedor solar com materiais recicl\u00e1veis (18 e 25 de mar\u00e7o): 39 confirmados<\/strong><br \/>\nTurma 1: 8h30 \u00e0s 11h30<br \/>\nTurma 2: 13h30 \u00e0s 16h30<\/p>\n<p>&nbsp;<\/p>\n<div class=\"text-center\"><\/div>\n<\/div>\n<\/div>\n","protected":false},"excerpt":{"rendered":"<p>O Projeto Ver\u00e3o no Parque, iniciativa da Secretaria Municipal do Meio Ambiente e Prote\u00e7\u00e3o Animal que oferecer\u00e1 oficinas, palestras e eventos entre os dias 4 de fevereiro e 25 de mar\u00e7o, recebeu um total de 210 inscri\u00e7\u00f5es. Os inscritos responderam um formul\u00e1rio encaminhado por e-mail ou confirmaram a presen\u00e7a pelo telefone 4798-5959. Com o n\u00famero [&hellip;]<\/p>\n","protected":false},"author":1,"featured_media":5830,"comment_status":"open","ping_status":"open","sticky":false,"template":"","format":"standard","meta":{"footnotes":""},"categories":[10],"tags":[],"class_list":{"0":"post-5829","1":"post","2":"type-post","3":"status-publish","4":"format-standard","5":"has-post-thumbnail","7":"category-mogi-das-cruzes"},"_links":{"self":[{"href":"https:\/\/jm-metropole.com.br\/site\/wp-json\/wp\/v2\/posts\/5829","targetHints":{"allow":["GET"]}}],"collection":[{"href":"https:\/\/jm-metropole.com.br\/site\/wp-json\/wp\/v2\/posts"}],"about":[{"href":"https:\/\/jm-metropole.com.br\/site\/wp-json\/wp\/v2\/types\/post"}],"author":[{"embeddable":true,"href":"https:\/\/jm-metropole.com.br\/site\/wp-json\/wp\/v2\/users\/1"}],"replies":[{"embeddable":true,"href":"https:\/\/jm-metropole.com.br\/site\/wp-json\/wp\/v2\/comments?post=5829"}],"version-history":[{"count":1,"href":"https:\/\/jm-metropole.com.br\/site\/wp-json\/wp\/v2\/posts\/5829\/revisions"}],"predecessor-version":[{"id":5831,"href":"https:\/\/jm-metropole.com.br\/site\/wp-json\/wp\/v2\/posts\/5829\/revisions\/5831"}],"wp:featuredmedia":[{"embeddable":true,"href":"https:\/\/jm-metropole.com.br\/site\/wp-json\/wp\/v2\/media\/5830"}],"wp:attachment":[{"href":"https:\/\/jm-metropole.com.br\/site\/wp-json\/wp\/v2\/media?parent=5829"}],"wp:term":[{"taxonomy":"category","embeddable":true,"href":"https:\/\/jm-metropole.com.br\/site\/wp-json\/wp\/v2\/categories?post=5829"},{"taxonomy":"post_tag","embeddable":true,"href":"https:\/\/jm-metropole.com.br\/site\/wp-json\/wp\/v2\/tags?post=5829"}],"curies":[{"name":"wp","href":"https:\/\/api.w.org\/{rel}","templated":true}]}}