{"id":578,"date":"2022-03-14T18:27:30","date_gmt":"2022-03-14T21:27:30","guid":{"rendered":"https:\/\/jm-metropole.com.br\/site\/?p=578"},"modified":"2022-03-15T18:26:15","modified_gmt":"2022-03-15T21:26:15","slug":"prefeitura-de-aruja-anuncia-o-pro-crianca","status":"publish","type":"post","link":"https:\/\/jm-metropole.com.br\/site\/prefeitura-de-aruja-anuncia-o-pro-crianca\/","title":{"rendered":"Prefeitura de Aruj\u00e1 anuncia o Pr\u00f3-Crian\u00e7a"},"content":{"rendered":"<p>Na manh\u00e3 de hoje (13), a Prefeitura de Aruj\u00e1, representada pelo prefeito Luis Camargo, o Dr Camargo, acompanhado da primeira-dama Clau Camargo, anunciou, ao lado do deputado federal Marco Bertaiolli, do presidente da C\u00e2mara Municipal Abelzinho, dos vereadores e secret\u00e1rios municipais, que a cidade de Aruj\u00e1 ter\u00e1 Pr\u00f3-Crian\u00e7a. A obra, cujo primeiro pavimento est\u00e1 or\u00e7ado em cerca de R$ 4 milh\u00f5es, conquistados em parceria com o deputado, dever\u00e1 ser iniciada no ano que vem, visto que se encontra em andamento o processo licitat\u00f3rio, que dever\u00e1 ser conclu\u00eddo, estima-se, em 90 dias.<\/p>\n<p><img loading=\"lazy\" decoding=\"async\" class=\"alignleft size-medium wp-image-581\" src=\"https:\/\/jm-metropole.com.br\/site\/wp-content\/uploads\/2022\/03\/WhatsApp-Image-2022-03-13-at-14.27.34-300x204.jpeg\" alt=\"\" width=\"300\" height=\"204\" srcset=\"https:\/\/jm-metropole.com.br\/site\/wp-content\/uploads\/2022\/03\/WhatsApp-Image-2022-03-13-at-14.27.34-300x204.jpeg 300w, https:\/\/jm-metropole.com.br\/site\/wp-content\/uploads\/2022\/03\/WhatsApp-Image-2022-03-13-at-14.27.34-1024x698.jpeg 1024w, https:\/\/jm-metropole.com.br\/site\/wp-content\/uploads\/2022\/03\/WhatsApp-Image-2022-03-13-at-14.27.34-768x523.jpeg 768w, https:\/\/jm-metropole.com.br\/site\/wp-content\/uploads\/2022\/03\/WhatsApp-Image-2022-03-13-at-14.27.34-150x102.jpeg 150w, https:\/\/jm-metropole.com.br\/site\/wp-content\/uploads\/2022\/03\/WhatsApp-Image-2022-03-13-at-14.27.34-696x474.jpeg 696w, https:\/\/jm-metropole.com.br\/site\/wp-content\/uploads\/2022\/03\/WhatsApp-Image-2022-03-13-at-14.27.34-1068x728.jpeg 1068w, https:\/\/jm-metropole.com.br\/site\/wp-content\/uploads\/2022\/03\/WhatsApp-Image-2022-03-13-at-14.27.34.jpeg 1280w\" sizes=\"auto, (max-width: 300px) 100vw, 300px\" \/>O prefeito Dr Camargo mostrou detalhes da planta ao p\u00fablico presente e explicou os detalhes da futura unidade, que ser\u00e1 constru\u00edda no terreno pr\u00f3ximo ao pr\u00e9dio do INSS, na rua Carlos de Campos, na Vila Riman, na \u00e1rea central. &#8220;O Pr\u00f3-Crian\u00e7a de Aruj\u00e1 ser\u00e1 24 horas e ter\u00e1 consult\u00f3rios, sala de curativo, aplica\u00e7\u00e3o de medicamentos, raio-x, ortopedia infantil, leitos para observa\u00e7\u00e3o, sala de urg\u00eancia, entre outras depend\u00eancias, sendo que o projeto vai comportar dois pavimentos. A previs\u00e3o \u00e9 que desafogue em at\u00e9 30% o atendimento que \u00e9 prestado hoje \u00e0s crian\u00e7as e adolescentes no Pronto Atendimento (PA) Central&#8221;, afirmou o chefe do Executivo Municipal.<br \/>\nO deputado federal Bertaiolli ressaltou a uni\u00e3o entre todos os parlamentares e os poderes, em prol do desenvolvimento de Aruj\u00e1. &#8220;Quando o nosso partido \u00e9 Aruj\u00e1, a cidade vai bem. E o Pr\u00f3-Crian\u00e7a que ser\u00e1 constru\u00eddo na cidade foi inspirado no de Mogi das Cruzes, implantado quando eu era prefeito daquele munic\u00edpio, e me propus a implementarmos a unidade juntos, conquistando os R$ 4 milh\u00f5es necess\u00e1rios para dar in\u00edcio \u00e0 obra, para que Aruj\u00e1 possa construir aquilo que a sua popula\u00e7\u00e3o precisa&#8221;, frisou.<br \/>\n<img loading=\"lazy\" decoding=\"async\" class=\"size-medium wp-image-580 alignright\" src=\"https:\/\/jm-metropole.com.br\/site\/wp-content\/uploads\/2022\/03\/WhatsApp-Image-2022-03-13-at-14.27.27-300x205.jpeg\" alt=\"\" width=\"300\" height=\"205\" srcset=\"https:\/\/jm-metropole.com.br\/site\/wp-content\/uploads\/2022\/03\/WhatsApp-Image-2022-03-13-at-14.27.27-300x205.jpeg 300w, https:\/\/jm-metropole.com.br\/site\/wp-content\/uploads\/2022\/03\/WhatsApp-Image-2022-03-13-at-14.27.27-1024x700.jpeg 1024w, https:\/\/jm-metropole.com.br\/site\/wp-content\/uploads\/2022\/03\/WhatsApp-Image-2022-03-13-at-14.27.27-768x525.jpeg 768w, https:\/\/jm-metropole.com.br\/site\/wp-content\/uploads\/2022\/03\/WhatsApp-Image-2022-03-13-at-14.27.27-150x103.jpeg 150w, https:\/\/jm-metropole.com.br\/site\/wp-content\/uploads\/2022\/03\/WhatsApp-Image-2022-03-13-at-14.27.27-218x150.jpeg 218w, https:\/\/jm-metropole.com.br\/site\/wp-content\/uploads\/2022\/03\/WhatsApp-Image-2022-03-13-at-14.27.27-696x476.jpeg 696w, https:\/\/jm-metropole.com.br\/site\/wp-content\/uploads\/2022\/03\/WhatsApp-Image-2022-03-13-at-14.27.27-1068x730.jpeg 1068w, https:\/\/jm-metropole.com.br\/site\/wp-content\/uploads\/2022\/03\/WhatsApp-Image-2022-03-13-at-14.27.27.jpeg 1280w\" sizes=\"auto, (max-width: 300px) 100vw, 300px\" \/>Ele complementou que o Pr\u00f3-Crian\u00e7a de Aruj\u00e1 atender\u00e1 crian\u00e7as de 0 a 16 anos de idade, dando o suporte inicial a casos de emerg\u00eancia, que requeiram observa\u00e7\u00e3o ou um primeiro atendimento. &#8220;Se a crian\u00e7a precisar ficar internada por at\u00e9 24 horas, ser\u00e1 acolhida no Pr\u00f3-Crian\u00e7a. Se for necess\u00e1rio mais tempo, poder\u00e1 ser transferida. Por\u00e9m, cabe ressaltar que 90% dos casos, que n\u00e3o sejam de urg\u00eancia, costumam ser resolvidos nesse per\u00edodo&#8221;, pontuou.<br \/>\nPara o presidente da C\u00e2mara, Abel Larini, o Abelzinho, a atual gest\u00e3o caminha alinhada com os anseios dos arujaenses e indo em busca daquilo que os mun\u00edcipes mais precisam. &#8220;Tivemos uma audi\u00eancia com o deputado Andr\u00e9 do Prado, que tamb\u00e9m prontamente anunciou apoio e fomos atr\u00e1s de parte da verba, para que essa obra seja de grande valia para a nossa popula\u00e7\u00e3o. Vai ser entregue em breve, se Deus quiser, e vai servir \u00e0s fam\u00edlias arujaenses&#8221;, observou.<br \/>\nEstiveram presentes ainda ao evento os vereadores Pastor Samoel Maia, Genilson Moto, Jo\u00e3o Luiz, Uelton Almeida, Rafael Laranjeira e Renan de Aruj\u00e1 e os secret\u00e1rios municipais de Governo Rog\u00e9rio da Padaria, de Obras e Planejamento Marco Valdanha, de Educa\u00e7\u00e3o Elaine Gentil, de Servi\u00e7os Rodolfo Machado e seu adjunto Kiko Larini, al\u00e9m dos secret\u00e1rios adjuntos de Sa\u00fade, Danilo da Silva Santos (representando o secret\u00e1rio municipal de Sa\u00fade, Leonardo Reis), de Desenvolvimento Econ\u00f4mico Fl\u00e1via Sanches e de Educa\u00e7\u00e3o Juan Torres, al\u00e9m de servidores municipais e do p\u00fablico presente.<\/p>\n","protected":false},"excerpt":{"rendered":"<p>Na manh\u00e3 de hoje (13), a Prefeitura de Aruj\u00e1, representada pelo prefeito Luis Camargo, o Dr Camargo, acompanhado da primeira-dama Clau Camargo, anunciou, ao lado do deputado federal Marco Bertaiolli, do presidente da C\u00e2mara Municipal Abelzinho, dos vereadores e secret\u00e1rios municipais, que a cidade de Aruj\u00e1 ter\u00e1 Pr\u00f3-Crian\u00e7a. A obra, cujo primeiro pavimento est\u00e1 or\u00e7ado [&hellip;]<\/p>\n","protected":false},"author":1,"featured_media":579,"comment_status":"open","ping_status":"open","sticky":false,"template":"","format":"standard","meta":{"footnotes":""},"categories":[4],"tags":[],"class_list":{"0":"post-578","1":"post","2":"type-post","3":"status-publish","4":"format-standard","5":"has-post-thumbnail","7":"category-aruja"},"_links":{"self":[{"href":"https:\/\/jm-metropole.com.br\/site\/wp-json\/wp\/v2\/posts\/578","targetHints":{"allow":["GET"]}}],"collection":[{"href":"https:\/\/jm-metropole.com.br\/site\/wp-json\/wp\/v2\/posts"}],"about":[{"href":"https:\/\/jm-metropole.com.br\/site\/wp-json\/wp\/v2\/types\/post"}],"author":[{"embeddable":true,"href":"https:\/\/jm-metropole.com.br\/site\/wp-json\/wp\/v2\/users\/1"}],"replies":[{"embeddable":true,"href":"https:\/\/jm-metropole.com.br\/site\/wp-json\/wp\/v2\/comments?post=578"}],"version-history":[{"count":1,"href":"https:\/\/jm-metropole.com.br\/site\/wp-json\/wp\/v2\/posts\/578\/revisions"}],"predecessor-version":[{"id":582,"href":"https:\/\/jm-metropole.com.br\/site\/wp-json\/wp\/v2\/posts\/578\/revisions\/582"}],"wp:featuredmedia":[{"embeddable":true,"href":"https:\/\/jm-metropole.com.br\/site\/wp-json\/wp\/v2\/media\/579"}],"wp:attachment":[{"href":"https:\/\/jm-metropole.com.br\/site\/wp-json\/wp\/v2\/media?parent=578"}],"wp:term":[{"taxonomy":"category","embeddable":true,"href":"https:\/\/jm-metropole.com.br\/site\/wp-json\/wp\/v2\/categories?post=578"},{"taxonomy":"post_tag","embeddable":true,"href":"https:\/\/jm-metropole.com.br\/site\/wp-json\/wp\/v2\/tags?post=578"}],"curies":[{"name":"wp","href":"https:\/\/api.w.org\/{rel}","templated":true}]}}